{"id":1215,"date":"2021-09-12T11:54:27","date_gmt":"2021-09-12T09:54:27","guid":{"rendered":"https:\/\/cptsdracenie.fr\/?p=1215"},"modified":"2021-09-29T16:03:05","modified_gmt":"2021-09-29T14:03:05","slug":"la-cpts-dpv-tient-son-assemblee-generale","status":"publish","type":"post","link":"https:\/\/cptsdracenie.fr\/index.php\/2021\/09\/12\/la-cpts-dpv-tient-son-assemblee-generale\/","title":{"rendered":"LA CPTS-DPV tient son assembl\u00e9e g\u00e9n\u00e9rale"},"content":{"rendered":"\n<p>Les adh\u00e9rents de l&rsquo;association CPTS-DPV Drac\u00e9nie-provence-Verdon sont appel\u00e9s \u00e0 se prononcer sur:<\/p>\n\n\n\n<p>Bilan moral de l&rsquo;exercice \u00e9coul\u00e9<br>Bilan financier et approbation des comptes 2020<br>Affectation du r\u00e9sultat<br>Les projets pour l&rsquo;exercice en cours et le budget pr\u00e9visionnel de l&rsquo;exercice en cours<br><\/p>\n\n\n\n<div data-wp-interactive=\"core\/file\" class=\"wp-block-file\"><object data-wp-bind--hidden=\"!state.hasPdfPreview\" hidden class=\"wp-block-file__embed\" data=\"https:\/\/cptsdracenie.fr\/wp-content\/uploads\/2021\/09\/CPTS-DPV-FlyerAGO2021.pdf\" type=\"application\/pdf\" style=\"width:100%;height:600px\" aria-label=\"Contenu embarqu\u00e9 Contenu embarqu\u00e9 CPTS DPV FlyerAGO2021..\"><\/object><a href=\"https:\/\/cptsdracenie.fr\/wp-content\/uploads\/2021\/09\/CPTS-DPV-FlyerAGO2021.pdf\">CPTS DPV FlyerAGO2021<\/a><a href=\"https:\/\/cptsdracenie.fr\/wp-content\/uploads\/2021\/09\/CPTS-DPV-FlyerAGO2021.pdf\" class=\"wp-block-file__button\" download>T\u00e9l\u00e9charger<\/a><\/div>\n\n\n\n<p>Si le vote est r\u00e9serv\u00e9 aux adh\u00e9rents \u00e0 jour de leur cotisation, toutes les personnes int\u00e9ress\u00e9s et les curieux sont invit\u00e9s \u00e0 se joindre aux d\u00e9bats.<\/p>\n\n\n\n<p>A tr\u00e8s bient\u00f4t<\/p>\n","protected":false},"excerpt":{"rendered":"<p>Les adh\u00e9rents de l&rsquo;association CPTS-DPV Drac\u00e9nie-provence-Verdon sont appel\u00e9s \u00e0 se prononcer sur: Bilan moral de l&rsquo;exercice \u00e9coul\u00e9Bilan financier et approbation des comptes 2020Affectation du r\u00e9sultatLes projets pour l&rsquo;exercice en cours et le budget pr\u00e9visionnel de l&rsquo;exercice en cours Si le vote est r\u00e9serv\u00e9 aux adh\u00e9rents \u00e0 jour de leur cotisation, toutes les personnes int\u00e9ress\u00e9s et [&hellip;]<\/p>\n","protected":false},"author":2,"featured_media":0,"comment_status":"closed","ping_status":"closed","sticky":false,"template":"","format":"standard","meta":{"footnotes":""},"categories":[7],"tags":[],"class_list":["post-1215","post","type-post","status-publish","format-standard","hentry","category-association"],"yoast_head":"<!-- This site is optimized with the Yoast SEO plugin v27.5 - https:\/\/yoast.com\/product\/yoast-seo-wordpress\/ -->\n<title>LA CPTS-DPV tient son assembl\u00e9e g\u00e9n\u00e9rale &#8211; Communaut\u00e9 Professionnelle Territoriale de Sant\u00e9 Drac\u00e9nie Provence Verdon<\/title>\n<meta name=\"robots\" content=\"index, follow, max-snippet:-1, max-image-preview:large, max-video-preview:-1\" \/>\n<link rel=\"canonical\" href=\"https:\/\/cptsdracenie.fr\/index.php\/2021\/09\/12\/la-cpts-dpv-tient-son-assemblee-generale\/\" \/>\n<meta property=\"og:locale\" content=\"fr_FR\" \/>\n<meta property=\"og:type\" content=\"article\" \/>\n<meta property=\"og:title\" content=\"LA CPTS-DPV tient son assembl\u00e9e g\u00e9n\u00e9rale &#8211; Communaut\u00e9 Professionnelle Territoriale de Sant\u00e9 Drac\u00e9nie Provence Verdon\" \/>\n<meta property=\"og:description\" content=\"Les adh\u00e9rents de l&rsquo;association CPTS-DPV Drac\u00e9nie-provence-Verdon sont appel\u00e9s \u00e0 se prononcer sur: Bilan moral de l&rsquo;exercice \u00e9coul\u00e9Bilan financier et approbation des comptes 2020Affectation du r\u00e9sultatLes projets pour l&rsquo;exercice en cours et le budget pr\u00e9visionnel de l&rsquo;exercice en cours Si le vote est r\u00e9serv\u00e9 aux adh\u00e9rents \u00e0 jour de leur cotisation, toutes les personnes int\u00e9ress\u00e9s et [&hellip;]\" \/>\n<meta property=\"og:url\" content=\"https:\/\/cptsdracenie.fr\/index.php\/2021\/09\/12\/la-cpts-dpv-tient-son-assemblee-generale\/\" \/>\n<meta property=\"og:site_name\" content=\"Communaut\u00e9 Professionnelle Territoriale de Sant\u00e9 Drac\u00e9nie Provence Verdon\" \/>\n<meta property=\"article:publisher\" content=\"https:\/\/www.facebook.com\/CPTSDPV\/\" \/>\n<meta property=\"article:published_time\" content=\"2021-09-12T09:54:27+00:00\" \/>\n<meta property=\"article:modified_time\" content=\"2021-09-29T14:03:05+00:00\" \/>\n<meta property=\"og:image\" content=\"https:\/\/cptsdracenie.fr\/wp-content\/uploads\/2020\/12\/1595877100031-Logo-petit.jpg\" \/>\n\t<meta property=\"og:image:width\" content=\"200\" \/>\n\t<meta property=\"og:image:height\" content=\"200\" \/>\n\t<meta property=\"og:image:type\" content=\"image\/jpeg\" \/>\n<meta name=\"author\" content=\"Laurent SCHLEGEL\" \/>\n<meta name=\"twitter:card\" content=\"summary_large_image\" \/>\n<meta name=\"twitter:label1\" content=\"\u00c9crit par\" \/>\n\t<meta name=\"twitter:data1\" content=\"Laurent SCHLEGEL\" \/>\n\t<meta name=\"twitter:label2\" content=\"Dur\u00e9e de lecture estim\u00e9e\" \/>\n\t<meta name=\"twitter:data2\" content=\"1 minute\" \/>\n<script type=\"application\/ld+json\" class=\"yoast-schema-graph\">{\"@context\":\"https:\\\/\\\/schema.org\",\"@graph\":[{\"@type\":\"Article\",\"@id\":\"https:\\\/\\\/cptsdracenie.fr\\\/index.php\\\/2021\\\/09\\\/12\\\/la-cpts-dpv-tient-son-assemblee-generale\\\/#article\",\"isPartOf\":{\"@id\":\"https:\\\/\\\/cptsdracenie.fr\\\/index.php\\\/2021\\\/09\\\/12\\\/la-cpts-dpv-tient-son-assemblee-generale\\\/\"},\"author\":{\"name\":\"Laurent SCHLEGEL\",\"@id\":\"https:\\\/\\\/cptsdracenie.fr\\\/#\\\/schema\\\/person\\\/27c1aa74dda94dd0b3dbf6b78e4018ac\"},\"headline\":\"LA CPTS-DPV tient son assembl\u00e9e g\u00e9n\u00e9rale\",\"datePublished\":\"2021-09-12T09:54:27+00:00\",\"dateModified\":\"2021-09-29T14:03:05+00:00\",\"mainEntityOfPage\":{\"@id\":\"https:\\\/\\\/cptsdracenie.fr\\\/index.php\\\/2021\\\/09\\\/12\\\/la-cpts-dpv-tient-son-assemblee-generale\\\/\"},\"wordCount\":97,\"publisher\":{\"@id\":\"https:\\\/\\\/cptsdracenie.fr\\\/#organization\"},\"articleSection\":[\"Association\"],\"inLanguage\":\"fr-FR\"},{\"@type\":\"WebPage\",\"@id\":\"https:\\\/\\\/cptsdracenie.fr\\\/index.php\\\/2021\\\/09\\\/12\\\/la-cpts-dpv-tient-son-assemblee-generale\\\/\",\"url\":\"https:\\\/\\\/cptsdracenie.fr\\\/index.php\\\/2021\\\/09\\\/12\\\/la-cpts-dpv-tient-son-assemblee-generale\\\/\",\"name\":\"LA CPTS-DPV tient son assembl\u00e9e g\u00e9n\u00e9rale &#8211; Communaut\u00e9 Professionnelle Territoriale de Sant\u00e9 Drac\u00e9nie Provence Verdon\",\"isPartOf\":{\"@id\":\"https:\\\/\\\/cptsdracenie.fr\\\/#website\"},\"datePublished\":\"2021-09-12T09:54:27+00:00\",\"dateModified\":\"2021-09-29T14:03:05+00:00\",\"breadcrumb\":{\"@id\":\"https:\\\/\\\/cptsdracenie.fr\\\/index.php\\\/2021\\\/09\\\/12\\\/la-cpts-dpv-tient-son-assemblee-generale\\\/#breadcrumb\"},\"inLanguage\":\"fr-FR\",\"potentialAction\":[{\"@type\":\"ReadAction\",\"target\":[\"https:\\\/\\\/cptsdracenie.fr\\\/index.php\\\/2021\\\/09\\\/12\\\/la-cpts-dpv-tient-son-assemblee-generale\\\/\"]}]},{\"@type\":\"BreadcrumbList\",\"@id\":\"https:\\\/\\\/cptsdracenie.fr\\\/index.php\\\/2021\\\/09\\\/12\\\/la-cpts-dpv-tient-son-assemblee-generale\\\/#breadcrumb\",\"itemListElement\":[{\"@type\":\"ListItem\",\"position\":1,\"name\":\"Accueil\",\"item\":\"https:\\\/\\\/cptsdracenie.fr\\\/\"},{\"@type\":\"ListItem\",\"position\":2,\"name\":\"LA CPTS-DPV tient son assembl\u00e9e g\u00e9n\u00e9rale\"}]},{\"@type\":\"WebSite\",\"@id\":\"https:\\\/\\\/cptsdracenie.fr\\\/#website\",\"url\":\"https:\\\/\\\/cptsdracenie.fr\\\/\",\"name\":\"CPTS DPV\",\"description\":\" CPTS Drac\u00e9nie Provence Verdon\",\"publisher\":{\"@id\":\"https:\\\/\\\/cptsdracenie.fr\\\/#organization\"},\"potentialAction\":[{\"@type\":\"SearchAction\",\"target\":{\"@type\":\"EntryPoint\",\"urlTemplate\":\"https:\\\/\\\/cptsdracenie.fr\\\/?s={search_term_string}\"},\"query-input\":{\"@type\":\"PropertyValueSpecification\",\"valueRequired\":true,\"valueName\":\"search_term_string\"}}],\"inLanguage\":\"fr-FR\"},{\"@type\":\"Organization\",\"@id\":\"https:\\\/\\\/cptsdracenie.fr\\\/#organization\",\"name\":\"CPTS Drac\u00e9nie-Provence-Verdon\",\"url\":\"https:\\\/\\\/cptsdracenie.fr\\\/\",\"logo\":{\"@type\":\"ImageObject\",\"inLanguage\":\"fr-FR\",\"@id\":\"https:\\\/\\\/cptsdracenie.fr\\\/#\\\/schema\\\/logo\\\/image\\\/\",\"url\":\"https:\\\/\\\/cptsdracenie.fr\\\/wp-content\\\/uploads\\\/2020\\\/01\\\/CPTS-version-2-blanc.png\",\"contentUrl\":\"https:\\\/\\\/cptsdracenie.fr\\\/wp-content\\\/uploads\\\/2020\\\/01\\\/CPTS-version-2-blanc.png\",\"width\":200,\"height\":200,\"caption\":\"CPTS Drac\u00e9nie-Provence-Verdon\"},\"image\":{\"@id\":\"https:\\\/\\\/cptsdracenie.fr\\\/#\\\/schema\\\/logo\\\/image\\\/\"},\"sameAs\":[\"https:\\\/\\\/www.facebook.com\\\/CPTSDPV\\\/\",\"https:\\\/\\\/www.linkedin.com\\\/company\\\/cpts-drac\u00e9nie-provence-verdon\\\/\"]},{\"@type\":\"Person\",\"@id\":\"https:\\\/\\\/cptsdracenie.fr\\\/#\\\/schema\\\/person\\\/27c1aa74dda94dd0b3dbf6b78e4018ac\",\"name\":\"Laurent SCHLEGEL\",\"image\":{\"@type\":\"ImageObject\",\"inLanguage\":\"fr-FR\",\"@id\":\"https:\\\/\\\/secure.gravatar.com\\\/avatar\\\/ed273eff3b94a3111b7413aae4d3b33c79fb75615c0030e0818bbfd14d8407af?s=96&d=mm&r=g\",\"url\":\"https:\\\/\\\/secure.gravatar.com\\\/avatar\\\/ed273eff3b94a3111b7413aae4d3b33c79fb75615c0030e0818bbfd14d8407af?s=96&d=mm&r=g\",\"contentUrl\":\"https:\\\/\\\/secure.gravatar.com\\\/avatar\\\/ed273eff3b94a3111b7413aae4d3b33c79fb75615c0030e0818bbfd14d8407af?s=96&d=mm&r=g\",\"caption\":\"Laurent SCHLEGEL\"},\"url\":\"https:\\\/\\\/cptsdracenie.fr\\\/index.php\\\/author\\\/laurent-schlegel\\\/\"}]}<\/script>\n<!-- \/ Yoast SEO plugin. -->","yoast_head_json":{"title":"LA CPTS-DPV tient son assembl\u00e9e g\u00e9n\u00e9rale &#8211; Communaut\u00e9 Professionnelle Territoriale de Sant\u00e9 Drac\u00e9nie Provence Verdon","robots":{"index":"index","follow":"follow","max-snippet":"max-snippet:-1","max-image-preview":"max-image-preview:large","max-video-preview":"max-video-preview:-1"},"canonical":"https:\/\/cptsdracenie.fr\/index.php\/2021\/09\/12\/la-cpts-dpv-tient-son-assemblee-generale\/","og_locale":"fr_FR","og_type":"article","og_title":"LA CPTS-DPV tient son assembl\u00e9e g\u00e9n\u00e9rale &#8211; Communaut\u00e9 Professionnelle Territoriale de Sant\u00e9 Drac\u00e9nie Provence Verdon","og_description":"Les adh\u00e9rents de l&rsquo;association CPTS-DPV Drac\u00e9nie-provence-Verdon sont appel\u00e9s \u00e0 se prononcer sur: Bilan moral de l&rsquo;exercice \u00e9coul\u00e9Bilan financier et approbation des comptes 2020Affectation du r\u00e9sultatLes projets pour l&rsquo;exercice en cours et le budget pr\u00e9visionnel de l&rsquo;exercice en cours Si le vote est r\u00e9serv\u00e9 aux adh\u00e9rents \u00e0 jour de leur cotisation, toutes les personnes int\u00e9ress\u00e9s et [&hellip;]","og_url":"https:\/\/cptsdracenie.fr\/index.php\/2021\/09\/12\/la-cpts-dpv-tient-son-assemblee-generale\/","og_site_name":"Communaut\u00e9 Professionnelle Territoriale de Sant\u00e9 Drac\u00e9nie Provence Verdon","article_publisher":"https:\/\/www.facebook.com\/CPTSDPV\/","article_published_time":"2021-09-12T09:54:27+00:00","article_modified_time":"2021-09-29T14:03:05+00:00","og_image":[{"width":200,"height":200,"url":"https:\/\/cptsdracenie.fr\/wp-content\/uploads\/2020\/12\/1595877100031-Logo-petit.jpg","type":"image\/jpeg"}],"author":"Laurent SCHLEGEL","twitter_card":"summary_large_image","twitter_misc":{"\u00c9crit par":"Laurent SCHLEGEL","Dur\u00e9e de lecture estim\u00e9e":"1 minute"},"schema":{"@context":"https:\/\/schema.org","@graph":[{"@type":"Article","@id":"https:\/\/cptsdracenie.fr\/index.php\/2021\/09\/12\/la-cpts-dpv-tient-son-assemblee-generale\/#article","isPartOf":{"@id":"https:\/\/cptsdracenie.fr\/index.php\/2021\/09\/12\/la-cpts-dpv-tient-son-assemblee-generale\/"},"author":{"name":"Laurent SCHLEGEL","@id":"https:\/\/cptsdracenie.fr\/#\/schema\/person\/27c1aa74dda94dd0b3dbf6b78e4018ac"},"headline":"LA CPTS-DPV tient son assembl\u00e9e g\u00e9n\u00e9rale","datePublished":"2021-09-12T09:54:27+00:00","dateModified":"2021-09-29T14:03:05+00:00","mainEntityOfPage":{"@id":"https:\/\/cptsdracenie.fr\/index.php\/2021\/09\/12\/la-cpts-dpv-tient-son-assemblee-generale\/"},"wordCount":97,"publisher":{"@id":"https:\/\/cptsdracenie.fr\/#organization"},"articleSection":["Association"],"inLanguage":"fr-FR"},{"@type":"WebPage","@id":"https:\/\/cptsdracenie.fr\/index.php\/2021\/09\/12\/la-cpts-dpv-tient-son-assemblee-generale\/","url":"https:\/\/cptsdracenie.fr\/index.php\/2021\/09\/12\/la-cpts-dpv-tient-son-assemblee-generale\/","name":"LA CPTS-DPV tient son assembl\u00e9e g\u00e9n\u00e9rale &#8211; Communaut\u00e9 Professionnelle Territoriale de Sant\u00e9 Drac\u00e9nie Provence Verdon","isPartOf":{"@id":"https:\/\/cptsdracenie.fr\/#website"},"datePublished":"2021-09-12T09:54:27+00:00","dateModified":"2021-09-29T14:03:05+00:00","breadcrumb":{"@id":"https:\/\/cptsdracenie.fr\/index.php\/2021\/09\/12\/la-cpts-dpv-tient-son-assemblee-generale\/#breadcrumb"},"inLanguage":"fr-FR","potentialAction":[{"@type":"ReadAction","target":["https:\/\/cptsdracenie.fr\/index.php\/2021\/09\/12\/la-cpts-dpv-tient-son-assemblee-generale\/"]}]},{"@type":"BreadcrumbList","@id":"https:\/\/cptsdracenie.fr\/index.php\/2021\/09\/12\/la-cpts-dpv-tient-son-assemblee-generale\/#breadcrumb","itemListElement":[{"@type":"ListItem","position":1,"name":"Accueil","item":"https:\/\/cptsdracenie.fr\/"},{"@type":"ListItem","position":2,"name":"LA CPTS-DPV tient son assembl\u00e9e g\u00e9n\u00e9rale"}]},{"@type":"WebSite","@id":"https:\/\/cptsdracenie.fr\/#website","url":"https:\/\/cptsdracenie.fr\/","name":"CPTS DPV","description":" CPTS Drac\u00e9nie Provence Verdon","publisher":{"@id":"https:\/\/cptsdracenie.fr\/#organization"},"potentialAction":[{"@type":"SearchAction","target":{"@type":"EntryPoint","urlTemplate":"https:\/\/cptsdracenie.fr\/?s={search_term_string}"},"query-input":{"@type":"PropertyValueSpecification","valueRequired":true,"valueName":"search_term_string"}}],"inLanguage":"fr-FR"},{"@type":"Organization","@id":"https:\/\/cptsdracenie.fr\/#organization","name":"CPTS Drac\u00e9nie-Provence-Verdon","url":"https:\/\/cptsdracenie.fr\/","logo":{"@type":"ImageObject","inLanguage":"fr-FR","@id":"https:\/\/cptsdracenie.fr\/#\/schema\/logo\/image\/","url":"https:\/\/cptsdracenie.fr\/wp-content\/uploads\/2020\/01\/CPTS-version-2-blanc.png","contentUrl":"https:\/\/cptsdracenie.fr\/wp-content\/uploads\/2020\/01\/CPTS-version-2-blanc.png","width":200,"height":200,"caption":"CPTS Drac\u00e9nie-Provence-Verdon"},"image":{"@id":"https:\/\/cptsdracenie.fr\/#\/schema\/logo\/image\/"},"sameAs":["https:\/\/www.facebook.com\/CPTSDPV\/","https:\/\/www.linkedin.com\/company\/cpts-drac\u00e9nie-provence-verdon\/"]},{"@type":"Person","@id":"https:\/\/cptsdracenie.fr\/#\/schema\/person\/27c1aa74dda94dd0b3dbf6b78e4018ac","name":"Laurent SCHLEGEL","image":{"@type":"ImageObject","inLanguage":"fr-FR","@id":"https:\/\/secure.gravatar.com\/avatar\/ed273eff3b94a3111b7413aae4d3b33c79fb75615c0030e0818bbfd14d8407af?s=96&d=mm&r=g","url":"https:\/\/secure.gravatar.com\/avatar\/ed273eff3b94a3111b7413aae4d3b33c79fb75615c0030e0818bbfd14d8407af?s=96&d=mm&r=g","contentUrl":"https:\/\/secure.gravatar.com\/avatar\/ed273eff3b94a3111b7413aae4d3b33c79fb75615c0030e0818bbfd14d8407af?s=96&d=mm&r=g","caption":"Laurent SCHLEGEL"},"url":"https:\/\/cptsdracenie.fr\/index.php\/author\/laurent-schlegel\/"}]}},"_links":{"self":[{"href":"https:\/\/cptsdracenie.fr\/index.php\/wp-json\/wp\/v2\/posts\/1215","targetHints":{"allow":["GET"]}}],"collection":[{"href":"https:\/\/cptsdracenie.fr\/index.php\/wp-json\/wp\/v2\/posts"}],"about":[{"href":"https:\/\/cptsdracenie.fr\/index.php\/wp-json\/wp\/v2\/types\/post"}],"author":[{"embeddable":true,"href":"https:\/\/cptsdracenie.fr\/index.php\/wp-json\/wp\/v2\/users\/2"}],"replies":[{"embeddable":true,"href":"https:\/\/cptsdracenie.fr\/index.php\/wp-json\/wp\/v2\/comments?post=1215"}],"version-history":[{"count":5,"href":"https:\/\/cptsdracenie.fr\/index.php\/wp-json\/wp\/v2\/posts\/1215\/revisions"}],"predecessor-version":[{"id":1254,"href":"https:\/\/cptsdracenie.fr\/index.php\/wp-json\/wp\/v2\/posts\/1215\/revisions\/1254"}],"wp:attachment":[{"href":"https:\/\/cptsdracenie.fr\/index.php\/wp-json\/wp\/v2\/media?parent=1215"}],"wp:term":[{"taxonomy":"category","embeddable":true,"href":"https:\/\/cptsdracenie.fr\/index.php\/wp-json\/wp\/v2\/categories?post=1215"},{"taxonomy":"post_tag","embeddable":true,"href":"https:\/\/cptsdracenie.fr\/index.php\/wp-json\/wp\/v2\/tags?post=1215"}],"curies":[{"name":"wp","href":"https:\/\/api.w.org\/{rel}","templated":true}]}}