{"id":1470,"date":"2022-07-13T14:57:00","date_gmt":"2022-07-13T12:57:00","guid":{"rendered":"https:\/\/cptsdracenie.fr\/?p=1470"},"modified":"2023-01-05T12:39:00","modified_gmt":"2023-01-05T11:39:00","slug":"devenir-msu-pourquoi-et-comment","status":"publish","type":"post","link":"https:\/\/cptsdracenie.fr\/index.php\/2022\/07\/13\/devenir-msu-pourquoi-et-comment\/","title":{"rendered":"Qu&rsquo;est ce qu&rsquo;un MSU ?"},"content":{"rendered":"\n<p><\/p>\n\n\n\n<figure class=\"wp-block-image size-large\"><img loading=\"lazy\" decoding=\"async\" width=\"1024\" height=\"914\" src=\"https:\/\/cptsdracenie.fr\/wp-content\/uploads\/2021\/12\/roy-comm-1024x914.jpg\" alt=\"\" class=\"wp-image-1472\" srcset=\"https:\/\/cptsdracenie.fr\/wp-content\/uploads\/2021\/12\/roy-comm-1024x914.jpg 1024w, https:\/\/cptsdracenie.fr\/wp-content\/uploads\/2021\/12\/roy-comm-300x268.jpg 300w, https:\/\/cptsdracenie.fr\/wp-content\/uploads\/2021\/12\/roy-comm-768x686.jpg 768w, https:\/\/cptsdracenie.fr\/wp-content\/uploads\/2021\/12\/roy-comm-1536x1371.jpg 1536w, https:\/\/cptsdracenie.fr\/wp-content\/uploads\/2021\/12\/roy-comm-2048x1829.jpg 2048w\" sizes=\"auto, (max-width: 1024px) 100vw, 1024px\" \/><\/figure>\n\n\n\n<p>Il s\u2019agit d\u2019un praticien agr\u00e9\u00e9 Ma\u00eetre de Stage des Universit\u00e9s, plus commun\u00e9ment nomm\u00e9 MSU.<\/p>\n\n\n\n<p>C\u2019est un praticien de m\u00e9decine g\u00e9n\u00e9rale qui accueille, dans le cadre de stages, des \u00e9tudiants en m\u00e9decine \u00e9tant entre la 5<sup>\u00e8me<\/sup> ann\u00e9e <em>(externat)<\/em> et la fin de la 9<sup>\u00e8me<\/sup> ann\u00e9e <em>(internat)<\/em> afin de leur permettre de d\u00e9couvrir la m\u00e9decine g\u00e9n\u00e9rale de premier recours.<\/p>\n\n\n\n<ul class=\"wp-block-list\">\n<li><strong><u>Quel est son r\u00f4le aupr\u00e8s de l\u2019\u00e9tudiant en m\u00e9decine&nbsp;?<\/u><\/strong><\/li>\n<\/ul>\n\n\n\n<p>Le MSU joue un r\u00f4le important, d\u00e9cisif et compl\u00e9mentaire dans la formation de l\u2019\u00e9tudiant en m\u00e9decine.<\/p>\n\n\n\n<p>Il lui permet&nbsp;:<\/p>\n\n\n\n<ul class=\"wp-block-list\">\n<li>D\u2019acc\u00e9der \u00e0 ce terrain d\u2019apprentissage qu\u2019est le contexte ambulatoire<\/li>\n\n\n\n<li>Il est un accompagnateur&nbsp;: il stimule la r\u00e9flexivit\u00e9 et permet \u00e0 l\u2019\u00e9tudiant de d\u00e9velopper ses comp\u00e9tences<\/li>\n\n\n\n<li>Il transmet, et partage son exp\u00e9rience et sa vision du m\u00e9tier de m\u00e9decin g\u00e9n\u00e9raliste<\/li>\n<\/ul>\n\n\n\n<ul class=\"wp-block-list\">\n<li><strong><u>Quels sont les diff\u00e9rents types de stages&nbsp;?<\/u><\/strong><\/li>\n<\/ul>\n\n\n\n<ul class=\"wp-block-list\">\n<li>Le stage de <strong>deuxi\u00e8me cycle<\/strong> destin\u00e9 aux externes<\/li>\n\n\n\n<li>Le stage dit <strong>\u00ab&nbsp;de niveau 1&nbsp;\u00bb<\/strong> pour l\u2019interne de m\u00e9decine g\u00e9n\u00e9rale durant la \u00ab&nbsp;phase de socle&nbsp;\u00bb, c\u2019est-\u00e0-dire la 1<sup>\u00e8re<\/sup> ann\u00e9e d\u2019internat<\/li>\n\n\n\n<li>Le stage dit de <strong>\u00ab&nbsp;niveau 2&nbsp;\u00bb<\/strong> ou SASPAS <em>(<strong>S<\/strong>tage <strong>A<\/strong>utonome en <strong>S<\/strong>oins <strong>P<\/strong>rimaires <strong>A<\/strong>mbulatoires <strong>S<\/strong>upervis\u00e9s) <\/em>pour l\u2019interne de m\u00e9decine durant la \u00ab&nbsp;phase d\u2019approfondissement&nbsp;\u00bb, \u00e0 r\u00e9aliser lors de la 3<sup>\u00e8me<\/sup> ann\u00e9e d\u2019internat<\/li>\n\n\n\n<li>Les stages <strong>ambulatoires<\/strong> validant la sant\u00e9 de l\u2019enfant et de la femme, durant la \u00ab&nbsp;phase d\u2019approfondissement&nbsp;\u00bb, soit lors des 2<sup>\u00e8me<\/sup> et\/ou 3<sup>\u00e8me<\/sup> ann\u00e9e d\u2019internat<\/li>\n<\/ul>\n\n\n\n<ul class=\"wp-block-list\">\n<li><strong><u>Pourquoi devenir MSU&nbsp;?<\/u><\/strong><\/li>\n<\/ul>\n\n\n\n<ul class=\"wp-block-list\">\n<li>Pour partager votre exp\u00e9rience, transmettre votre savoir en passant le relai \u00e0 la nouvelle g\u00e9n\u00e9ration<\/li>\n\n\n\n<li>Pour faire d\u00e9couvrir aux \u00e9tudiants la richesse et la r\u00e9alit\u00e9 de leur futur exercice en les faisant b\u00e9n\u00e9ficier d\u2019un apprentissage optimal sur le terrain<\/li>\n\n\n\n<li>Pour promouvoir la m\u00e9decine g\u00e9n\u00e9rale et transmettre des comp\u00e9tences sp\u00e9cifiques telles que l\u2019approche centr\u00e9e patient, la gestion des pathologies les plus fr\u00e9quentes, la diversit\u00e9 et la complexit\u00e9 de la discipline ainsi que la notion de r\u00e9seau de soins de ville.<\/li>\n<\/ul>\n\n\n\n<p>Devenir MSU, c\u2019est aussi un moyen&nbsp;:<\/p>\n\n\n\n<ul class=\"wp-block-list\">\n<li>De se remettre en question, de mettre \u00e0 jour ses connaissances et de les partager<\/li>\n\n\n\n<li>D\u2019am\u00e9liorer ses pratiques et comp\u00e9tences en m\u00e9decine g\u00e9n\u00e9rale<\/li>\n\n\n\n<li>De lutter contre l\u2019\u00e9puisement professionnel en sortant de la routine et en prenant du recul sur sa pratique<\/li>\n<\/ul>\n\n\n\n<p>Cela permet aussi&nbsp;:<\/p>\n\n\n\n<ul class=\"wp-block-list\">\n<li>De trouver facilement un rempla\u00e7ant, un futur associ\u00e9, voire un successeur. Vous connaissez votre interne et, puisque vous ferez partie du r\u00e9seau des MSU, vous pourrez \u00e9galement contacter d\u2019autres internes.<\/li>\n\n\n\n<li>De diversifier sa pratique en tirant b\u00e9n\u00e9fice de la formation continue de l\u2019enseignement et de la recherche.<\/li>\n<\/ul>\n\n\n\n<ul class=\"wp-block-list\">\n<li><strong><u>Vous souhaitez devenir MSU&nbsp;? <\/u><\/strong><strong><u><\/u><\/strong><\/li>\n<\/ul>\n\n\n\n<p>Voici les crit\u00e8res \u00e0 r\u00e9unir&nbsp;:<\/p>\n\n\n\n<ul class=\"wp-block-list\">\n<li><strong>Satisfaire aux crit\u00e8res de recrutement<\/strong>&nbsp;:<\/li>\n\n\n\n<li>Exercer la m\u00e9decine g\u00e9n\u00e9rale depuis au moins 3 ans en secteur lib\u00e9ral<\/li>\n\n\n\n<li>Adh\u00e9rer \u00e0 la charte du Ma\u00eetre de Stage<\/li>\n\n\n\n<li>Avoir une activit\u00e9 compatible avec l\u2019accueil d\u2019un stagiaire<\/li>\n\n\n\n<li>Attester d\u2019une formation m\u00e9dicale continue r\u00e9guli\u00e8re<\/li>\n\n\n\n<li>Avoir suivi une formation p\u00e9dagogique initiale \u00e0 la ma\u00eetrise de stage<\/li>\n\n\n\n<li>Recevoir un avis favorable du conseil d\u00e9partemental de l\u2019Ordre des M\u00e9decins<\/li>\n\n\n\n<li>Recevoir un avis favorable du conseil du d\u00e9partement de m\u00e9decine g\u00e9n\u00e9rale et du conseil de la Facult\u00e9<\/li>\n<\/ul>\n\n\n\n<ul class=\"wp-block-list\">\n<li><strong>Remplir la fiche d\u2019identification<\/strong>  <a href=\"https:\/\/medecine.univ-cotedazur.fr\/medecine-generale\/medecin\/comment-devenir-maitre-de-stage-des-universites\" target=\"_blank\" rel=\"noreferrer noopener\">https:\/\/medecine.univ-cotedazur.fr\/medecine-generale\/medecin\/comment-devenir-maitre-de-stage-des-universites<\/a> \u00e0 retourner au D\u00e9partement d\u2019Enseignement et de Recherche en M\u00e9decine G\u00e9n\u00e9rale \u2013 DMG \u2013 de Nice<\/li>\n<\/ul>\n\n\n\n<ul class=\"wp-block-list\">\n<li><strong>Demander son agr\u00e9ment<\/strong> \u00e0 devenir MSU&nbsp;:<\/li>\n\n\n\n<li>En contactant le coordinateur du DMG&nbsp;: le Dr Brigitte Monnier <strong><u>(b.monnier@medsyn.fr)<\/u><\/strong><\/li>\n\n\n\n<li>Cette demande d\u2019agr\u00e9ment est soumise par le DMG au Conseil D\u00e9partemental de l\u2019Ordre des M\u00e9decins (CDOM) qui confirme l\u2019absence d\u2019obstacles \u00e0 l\u2019exercice de la m\u00e9decine g\u00e9n\u00e9rale<\/li>\n\n\n\n<li>Se former \u00e0 la p\u00e9dagogie en suivant le cursus de ma\u00eetrise de stage, dans le cadre du d\u00e9veloppement professionnel continu (DPC) valid\u00e9 par le Coll\u00e8ge Azur\u00e9en des G\u00e9n\u00e9ralistes Enseignants et le DMG&nbsp;<strong>: calendrier des formations sur le site du CNGE<\/strong> <strong><em>.<\/em><\/strong><\/li>\n<\/ul>\n\n\n\n<p>Apr\u00e8s avis favorable du coordinateur du DMG et selon les crit\u00e8res de formation demand\u00e9s, la demande d\u2019agr\u00e9ment est soumise \u00e0 la validation en Commission d\u2019Agr\u00e9ment R\u00e9gionale.<\/p>\n\n\n\n<p><strong>L\u2019agr\u00e9ment est ainsi acquis pour une dur\u00e9e de 5 ans.<\/strong><\/p>\n\n\n\n<p><\/p>\n","protected":false},"excerpt":{"rendered":"<p>Pourquoi et comment devenir Msu?<\/p>\n","protected":false},"author":1,"featured_media":1474,"comment_status":"closed","ping_status":"closed","sticky":false,"template":"","format":"standard","meta":{"footnotes":""},"categories":[8],"tags":[],"class_list":["post-1470","post","type-post","status-publish","format-standard","has-post-thumbnail","hentry","category-medecine"],"yoast_head":"<!-- This site is optimized with the Yoast SEO plugin v27.5 - https:\/\/yoast.com\/product\/yoast-seo-wordpress\/ -->\n<title>Qu&#039;est ce qu&#039;un MSU ? &#8211; Communaut\u00e9 Professionnelle Territoriale de Sant\u00e9 Drac\u00e9nie Provence Verdon<\/title>\n<meta name=\"description\" content=\"Comment devenir ma\u00eetre de stage en tant que m\u00e9decin g\u00e9n\u00e9raliste en activit\u00e9 lib\u00e9rale au sein de notre territoire ?\" \/>\n<meta name=\"robots\" content=\"index, follow, max-snippet:-1, max-image-preview:large, max-video-preview:-1\" \/>\n<link rel=\"canonical\" href=\"https:\/\/cptsdracenie.fr\/index.php\/2022\/07\/13\/devenir-msu-pourquoi-et-comment\/\" \/>\n<meta property=\"og:locale\" content=\"fr_FR\" \/>\n<meta property=\"og:type\" content=\"article\" \/>\n<meta property=\"og:title\" content=\"Qu&#039;est ce qu&#039;un MSU ? &#8211; Communaut\u00e9 Professionnelle Territoriale de Sant\u00e9 Drac\u00e9nie Provence Verdon\" \/>\n<meta property=\"og:description\" content=\"Comment devenir ma\u00eetre de stage en tant que m\u00e9decin g\u00e9n\u00e9raliste en activit\u00e9 lib\u00e9rale au sein de notre territoire ?\" \/>\n<meta property=\"og:url\" content=\"https:\/\/cptsdracenie.fr\/index.php\/2022\/07\/13\/devenir-msu-pourquoi-et-comment\/\" \/>\n<meta property=\"og:site_name\" content=\"Communaut\u00e9 Professionnelle Territoriale de Sant\u00e9 Drac\u00e9nie Provence Verdon\" \/>\n<meta property=\"article:publisher\" content=\"https:\/\/www.facebook.com\/CPTSDPV\/\" \/>\n<meta property=\"article:published_time\" content=\"2022-07-13T12:57:00+00:00\" \/>\n<meta property=\"article:modified_time\" content=\"2023-01-05T11:39:00+00:00\" \/>\n<meta property=\"og:image\" content=\"https:\/\/cptsdracenie.fr\/wp-content\/uploads\/2021\/12\/comm-msu-4.png\" \/>\n\t<meta property=\"og:image:width\" content=\"1080\" \/>\n\t<meta property=\"og:image:height\" content=\"1080\" \/>\n\t<meta property=\"og:image:type\" content=\"image\/png\" \/>\n<meta name=\"author\" content=\"admin3616\" \/>\n<meta name=\"twitter:card\" content=\"summary_large_image\" \/>\n<meta name=\"twitter:label1\" content=\"\u00c9crit par\" \/>\n\t<meta name=\"twitter:data1\" content=\"admin3616\" \/>\n\t<meta name=\"twitter:label2\" content=\"Dur\u00e9e de lecture estim\u00e9e\" \/>\n\t<meta name=\"twitter:data2\" content=\"4 minutes\" \/>\n<script type=\"application\/ld+json\" class=\"yoast-schema-graph\">{\"@context\":\"https:\\\/\\\/schema.org\",\"@graph\":[{\"@type\":\"Article\",\"@id\":\"https:\\\/\\\/cptsdracenie.fr\\\/index.php\\\/2022\\\/07\\\/13\\\/devenir-msu-pourquoi-et-comment\\\/#article\",\"isPartOf\":{\"@id\":\"https:\\\/\\\/cptsdracenie.fr\\\/index.php\\\/2022\\\/07\\\/13\\\/devenir-msu-pourquoi-et-comment\\\/\"},\"author\":{\"name\":\"admin3616\",\"@id\":\"https:\\\/\\\/cptsdracenie.fr\\\/#\\\/schema\\\/person\\\/5e8dad6c13b12c27c2c19a8e30ad1033\"},\"headline\":\"Qu&rsquo;est ce qu&rsquo;un MSU ?\",\"datePublished\":\"2022-07-13T12:57:00+00:00\",\"dateModified\":\"2023-01-05T11:39:00+00:00\",\"mainEntityOfPage\":{\"@id\":\"https:\\\/\\\/cptsdracenie.fr\\\/index.php\\\/2022\\\/07\\\/13\\\/devenir-msu-pourquoi-et-comment\\\/\"},\"wordCount\":791,\"publisher\":{\"@id\":\"https:\\\/\\\/cptsdracenie.fr\\\/#organization\"},\"image\":{\"@id\":\"https:\\\/\\\/cptsdracenie.fr\\\/index.php\\\/2022\\\/07\\\/13\\\/devenir-msu-pourquoi-et-comment\\\/#primaryimage\"},\"thumbnailUrl\":\"https:\\\/\\\/cptsdracenie.fr\\\/wp-content\\\/uploads\\\/2021\\\/12\\\/comm-msu-4.png\",\"articleSection\":[\"Medecine\"],\"inLanguage\":\"fr-FR\"},{\"@type\":\"WebPage\",\"@id\":\"https:\\\/\\\/cptsdracenie.fr\\\/index.php\\\/2022\\\/07\\\/13\\\/devenir-msu-pourquoi-et-comment\\\/\",\"url\":\"https:\\\/\\\/cptsdracenie.fr\\\/index.php\\\/2022\\\/07\\\/13\\\/devenir-msu-pourquoi-et-comment\\\/\",\"name\":\"Qu'est ce qu'un MSU ? &#8211; Communaut\u00e9 Professionnelle Territoriale de Sant\u00e9 Drac\u00e9nie Provence Verdon\",\"isPartOf\":{\"@id\":\"https:\\\/\\\/cptsdracenie.fr\\\/#website\"},\"primaryImageOfPage\":{\"@id\":\"https:\\\/\\\/cptsdracenie.fr\\\/index.php\\\/2022\\\/07\\\/13\\\/devenir-msu-pourquoi-et-comment\\\/#primaryimage\"},\"image\":{\"@id\":\"https:\\\/\\\/cptsdracenie.fr\\\/index.php\\\/2022\\\/07\\\/13\\\/devenir-msu-pourquoi-et-comment\\\/#primaryimage\"},\"thumbnailUrl\":\"https:\\\/\\\/cptsdracenie.fr\\\/wp-content\\\/uploads\\\/2021\\\/12\\\/comm-msu-4.png\",\"datePublished\":\"2022-07-13T12:57:00+00:00\",\"dateModified\":\"2023-01-05T11:39:00+00:00\",\"description\":\"Comment devenir ma\u00eetre de stage en tant que m\u00e9decin g\u00e9n\u00e9raliste en activit\u00e9 lib\u00e9rale au sein de notre territoire ?\",\"breadcrumb\":{\"@id\":\"https:\\\/\\\/cptsdracenie.fr\\\/index.php\\\/2022\\\/07\\\/13\\\/devenir-msu-pourquoi-et-comment\\\/#breadcrumb\"},\"inLanguage\":\"fr-FR\",\"potentialAction\":[{\"@type\":\"ReadAction\",\"target\":[\"https:\\\/\\\/cptsdracenie.fr\\\/index.php\\\/2022\\\/07\\\/13\\\/devenir-msu-pourquoi-et-comment\\\/\"]}]},{\"@type\":\"ImageObject\",\"inLanguage\":\"fr-FR\",\"@id\":\"https:\\\/\\\/cptsdracenie.fr\\\/index.php\\\/2022\\\/07\\\/13\\\/devenir-msu-pourquoi-et-comment\\\/#primaryimage\",\"url\":\"https:\\\/\\\/cptsdracenie.fr\\\/wp-content\\\/uploads\\\/2021\\\/12\\\/comm-msu-4.png\",\"contentUrl\":\"https:\\\/\\\/cptsdracenie.fr\\\/wp-content\\\/uploads\\\/2021\\\/12\\\/comm-msu-4.png\",\"width\":1080,\"height\":1080},{\"@type\":\"BreadcrumbList\",\"@id\":\"https:\\\/\\\/cptsdracenie.fr\\\/index.php\\\/2022\\\/07\\\/13\\\/devenir-msu-pourquoi-et-comment\\\/#breadcrumb\",\"itemListElement\":[{\"@type\":\"ListItem\",\"position\":1,\"name\":\"Accueil\",\"item\":\"https:\\\/\\\/cptsdracenie.fr\\\/\"},{\"@type\":\"ListItem\",\"position\":2,\"name\":\"Qu&rsquo;est ce qu&rsquo;un MSU ?\"}]},{\"@type\":\"WebSite\",\"@id\":\"https:\\\/\\\/cptsdracenie.fr\\\/#website\",\"url\":\"https:\\\/\\\/cptsdracenie.fr\\\/\",\"name\":\"CPTS DPV\",\"description\":\" CPTS Drac\u00e9nie Provence Verdon\",\"publisher\":{\"@id\":\"https:\\\/\\\/cptsdracenie.fr\\\/#organization\"},\"potentialAction\":[{\"@type\":\"SearchAction\",\"target\":{\"@type\":\"EntryPoint\",\"urlTemplate\":\"https:\\\/\\\/cptsdracenie.fr\\\/?s={search_term_string}\"},\"query-input\":{\"@type\":\"PropertyValueSpecification\",\"valueRequired\":true,\"valueName\":\"search_term_string\"}}],\"inLanguage\":\"fr-FR\"},{\"@type\":\"Organization\",\"@id\":\"https:\\\/\\\/cptsdracenie.fr\\\/#organization\",\"name\":\"CPTS Drac\u00e9nie-Provence-Verdon\",\"url\":\"https:\\\/\\\/cptsdracenie.fr\\\/\",\"logo\":{\"@type\":\"ImageObject\",\"inLanguage\":\"fr-FR\",\"@id\":\"https:\\\/\\\/cptsdracenie.fr\\\/#\\\/schema\\\/logo\\\/image\\\/\",\"url\":\"https:\\\/\\\/cptsdracenie.fr\\\/wp-content\\\/uploads\\\/2020\\\/01\\\/CPTS-version-2-blanc.png\",\"contentUrl\":\"https:\\\/\\\/cptsdracenie.fr\\\/wp-content\\\/uploads\\\/2020\\\/01\\\/CPTS-version-2-blanc.png\",\"width\":200,\"height\":200,\"caption\":\"CPTS Drac\u00e9nie-Provence-Verdon\"},\"image\":{\"@id\":\"https:\\\/\\\/cptsdracenie.fr\\\/#\\\/schema\\\/logo\\\/image\\\/\"},\"sameAs\":[\"https:\\\/\\\/www.facebook.com\\\/CPTSDPV\\\/\",\"https:\\\/\\\/www.linkedin.com\\\/company\\\/cpts-drac\u00e9nie-provence-verdon\\\/\"]},{\"@type\":\"Person\",\"@id\":\"https:\\\/\\\/cptsdracenie.fr\\\/#\\\/schema\\\/person\\\/5e8dad6c13b12c27c2c19a8e30ad1033\",\"name\":\"admin3616\",\"image\":{\"@type\":\"ImageObject\",\"inLanguage\":\"fr-FR\",\"@id\":\"https:\\\/\\\/secure.gravatar.com\\\/avatar\\\/f8b04cb7d4761647a9b275540c35d016b876dd8b19911751d862cb3a24a19aaf?s=96&d=mm&r=g\",\"url\":\"https:\\\/\\\/secure.gravatar.com\\\/avatar\\\/f8b04cb7d4761647a9b275540c35d016b876dd8b19911751d862cb3a24a19aaf?s=96&d=mm&r=g\",\"contentUrl\":\"https:\\\/\\\/secure.gravatar.com\\\/avatar\\\/f8b04cb7d4761647a9b275540c35d016b876dd8b19911751d862cb3a24a19aaf?s=96&d=mm&r=g\",\"caption\":\"admin3616\"},\"url\":\"https:\\\/\\\/cptsdracenie.fr\\\/index.php\\\/author\\\/admin3616\\\/\"}]}<\/script>\n<!-- \/ Yoast SEO plugin. -->","yoast_head_json":{"title":"Qu'est ce qu'un MSU ? &#8211; Communaut\u00e9 Professionnelle Territoriale de Sant\u00e9 Drac\u00e9nie Provence Verdon","description":"Comment devenir ma\u00eetre de stage en tant que m\u00e9decin g\u00e9n\u00e9raliste en activit\u00e9 lib\u00e9rale au sein de notre territoire ?","robots":{"index":"index","follow":"follow","max-snippet":"max-snippet:-1","max-image-preview":"max-image-preview:large","max-video-preview":"max-video-preview:-1"},"canonical":"https:\/\/cptsdracenie.fr\/index.php\/2022\/07\/13\/devenir-msu-pourquoi-et-comment\/","og_locale":"fr_FR","og_type":"article","og_title":"Qu'est ce qu'un MSU ? &#8211; Communaut\u00e9 Professionnelle Territoriale de Sant\u00e9 Drac\u00e9nie Provence Verdon","og_description":"Comment devenir ma\u00eetre de stage en tant que m\u00e9decin g\u00e9n\u00e9raliste en activit\u00e9 lib\u00e9rale au sein de notre territoire ?","og_url":"https:\/\/cptsdracenie.fr\/index.php\/2022\/07\/13\/devenir-msu-pourquoi-et-comment\/","og_site_name":"Communaut\u00e9 Professionnelle Territoriale de Sant\u00e9 Drac\u00e9nie Provence Verdon","article_publisher":"https:\/\/www.facebook.com\/CPTSDPV\/","article_published_time":"2022-07-13T12:57:00+00:00","article_modified_time":"2023-01-05T11:39:00+00:00","og_image":[{"width":1080,"height":1080,"url":"https:\/\/cptsdracenie.fr\/wp-content\/uploads\/2021\/12\/comm-msu-4.png","type":"image\/png"}],"author":"admin3616","twitter_card":"summary_large_image","twitter_misc":{"\u00c9crit par":"admin3616","Dur\u00e9e de lecture estim\u00e9e":"4 minutes"},"schema":{"@context":"https:\/\/schema.org","@graph":[{"@type":"Article","@id":"https:\/\/cptsdracenie.fr\/index.php\/2022\/07\/13\/devenir-msu-pourquoi-et-comment\/#article","isPartOf":{"@id":"https:\/\/cptsdracenie.fr\/index.php\/2022\/07\/13\/devenir-msu-pourquoi-et-comment\/"},"author":{"name":"admin3616","@id":"https:\/\/cptsdracenie.fr\/#\/schema\/person\/5e8dad6c13b12c27c2c19a8e30ad1033"},"headline":"Qu&rsquo;est ce qu&rsquo;un MSU ?","datePublished":"2022-07-13T12:57:00+00:00","dateModified":"2023-01-05T11:39:00+00:00","mainEntityOfPage":{"@id":"https:\/\/cptsdracenie.fr\/index.php\/2022\/07\/13\/devenir-msu-pourquoi-et-comment\/"},"wordCount":791,"publisher":{"@id":"https:\/\/cptsdracenie.fr\/#organization"},"image":{"@id":"https:\/\/cptsdracenie.fr\/index.php\/2022\/07\/13\/devenir-msu-pourquoi-et-comment\/#primaryimage"},"thumbnailUrl":"https:\/\/cptsdracenie.fr\/wp-content\/uploads\/2021\/12\/comm-msu-4.png","articleSection":["Medecine"],"inLanguage":"fr-FR"},{"@type":"WebPage","@id":"https:\/\/cptsdracenie.fr\/index.php\/2022\/07\/13\/devenir-msu-pourquoi-et-comment\/","url":"https:\/\/cptsdracenie.fr\/index.php\/2022\/07\/13\/devenir-msu-pourquoi-et-comment\/","name":"Qu'est ce qu'un MSU ? &#8211; Communaut\u00e9 Professionnelle Territoriale de Sant\u00e9 Drac\u00e9nie Provence Verdon","isPartOf":{"@id":"https:\/\/cptsdracenie.fr\/#website"},"primaryImageOfPage":{"@id":"https:\/\/cptsdracenie.fr\/index.php\/2022\/07\/13\/devenir-msu-pourquoi-et-comment\/#primaryimage"},"image":{"@id":"https:\/\/cptsdracenie.fr\/index.php\/2022\/07\/13\/devenir-msu-pourquoi-et-comment\/#primaryimage"},"thumbnailUrl":"https:\/\/cptsdracenie.fr\/wp-content\/uploads\/2021\/12\/comm-msu-4.png","datePublished":"2022-07-13T12:57:00+00:00","dateModified":"2023-01-05T11:39:00+00:00","description":"Comment devenir ma\u00eetre de stage en tant que m\u00e9decin g\u00e9n\u00e9raliste en activit\u00e9 lib\u00e9rale au sein de notre territoire ?","breadcrumb":{"@id":"https:\/\/cptsdracenie.fr\/index.php\/2022\/07\/13\/devenir-msu-pourquoi-et-comment\/#breadcrumb"},"inLanguage":"fr-FR","potentialAction":[{"@type":"ReadAction","target":["https:\/\/cptsdracenie.fr\/index.php\/2022\/07\/13\/devenir-msu-pourquoi-et-comment\/"]}]},{"@type":"ImageObject","inLanguage":"fr-FR","@id":"https:\/\/cptsdracenie.fr\/index.php\/2022\/07\/13\/devenir-msu-pourquoi-et-comment\/#primaryimage","url":"https:\/\/cptsdracenie.fr\/wp-content\/uploads\/2021\/12\/comm-msu-4.png","contentUrl":"https:\/\/cptsdracenie.fr\/wp-content\/uploads\/2021\/12\/comm-msu-4.png","width":1080,"height":1080},{"@type":"BreadcrumbList","@id":"https:\/\/cptsdracenie.fr\/index.php\/2022\/07\/13\/devenir-msu-pourquoi-et-comment\/#breadcrumb","itemListElement":[{"@type":"ListItem","position":1,"name":"Accueil","item":"https:\/\/cptsdracenie.fr\/"},{"@type":"ListItem","position":2,"name":"Qu&rsquo;est ce qu&rsquo;un MSU ?"}]},{"@type":"WebSite","@id":"https:\/\/cptsdracenie.fr\/#website","url":"https:\/\/cptsdracenie.fr\/","name":"CPTS DPV","description":" CPTS Drac\u00e9nie Provence Verdon","publisher":{"@id":"https:\/\/cptsdracenie.fr\/#organization"},"potentialAction":[{"@type":"SearchAction","target":{"@type":"EntryPoint","urlTemplate":"https:\/\/cptsdracenie.fr\/?s={search_term_string}"},"query-input":{"@type":"PropertyValueSpecification","valueRequired":true,"valueName":"search_term_string"}}],"inLanguage":"fr-FR"},{"@type":"Organization","@id":"https:\/\/cptsdracenie.fr\/#organization","name":"CPTS Drac\u00e9nie-Provence-Verdon","url":"https:\/\/cptsdracenie.fr\/","logo":{"@type":"ImageObject","inLanguage":"fr-FR","@id":"https:\/\/cptsdracenie.fr\/#\/schema\/logo\/image\/","url":"https:\/\/cptsdracenie.fr\/wp-content\/uploads\/2020\/01\/CPTS-version-2-blanc.png","contentUrl":"https:\/\/cptsdracenie.fr\/wp-content\/uploads\/2020\/01\/CPTS-version-2-blanc.png","width":200,"height":200,"caption":"CPTS Drac\u00e9nie-Provence-Verdon"},"image":{"@id":"https:\/\/cptsdracenie.fr\/#\/schema\/logo\/image\/"},"sameAs":["https:\/\/www.facebook.com\/CPTSDPV\/","https:\/\/www.linkedin.com\/company\/cpts-drac\u00e9nie-provence-verdon\/"]},{"@type":"Person","@id":"https:\/\/cptsdracenie.fr\/#\/schema\/person\/5e8dad6c13b12c27c2c19a8e30ad1033","name":"admin3616","image":{"@type":"ImageObject","inLanguage":"fr-FR","@id":"https:\/\/secure.gravatar.com\/avatar\/f8b04cb7d4761647a9b275540c35d016b876dd8b19911751d862cb3a24a19aaf?s=96&d=mm&r=g","url":"https:\/\/secure.gravatar.com\/avatar\/f8b04cb7d4761647a9b275540c35d016b876dd8b19911751d862cb3a24a19aaf?s=96&d=mm&r=g","contentUrl":"https:\/\/secure.gravatar.com\/avatar\/f8b04cb7d4761647a9b275540c35d016b876dd8b19911751d862cb3a24a19aaf?s=96&d=mm&r=g","caption":"admin3616"},"url":"https:\/\/cptsdracenie.fr\/index.php\/author\/admin3616\/"}]}},"_links":{"self":[{"href":"https:\/\/cptsdracenie.fr\/index.php\/wp-json\/wp\/v2\/posts\/1470","targetHints":{"allow":["GET"]}}],"collection":[{"href":"https:\/\/cptsdracenie.fr\/index.php\/wp-json\/wp\/v2\/posts"}],"about":[{"href":"https:\/\/cptsdracenie.fr\/index.php\/wp-json\/wp\/v2\/types\/post"}],"author":[{"embeddable":true,"href":"https:\/\/cptsdracenie.fr\/index.php\/wp-json\/wp\/v2\/users\/1"}],"replies":[{"embeddable":true,"href":"https:\/\/cptsdracenie.fr\/index.php\/wp-json\/wp\/v2\/comments?post=1470"}],"version-history":[{"count":6,"href":"https:\/\/cptsdracenie.fr\/index.php\/wp-json\/wp\/v2\/posts\/1470\/revisions"}],"predecessor-version":[{"id":17728,"href":"https:\/\/cptsdracenie.fr\/index.php\/wp-json\/wp\/v2\/posts\/1470\/revisions\/17728"}],"wp:featuredmedia":[{"embeddable":true,"href":"https:\/\/cptsdracenie.fr\/index.php\/wp-json\/wp\/v2\/media\/1474"}],"wp:attachment":[{"href":"https:\/\/cptsdracenie.fr\/index.php\/wp-json\/wp\/v2\/media?parent=1470"}],"wp:term":[{"taxonomy":"category","embeddable":true,"href":"https:\/\/cptsdracenie.fr\/index.php\/wp-json\/wp\/v2\/categories?post=1470"},{"taxonomy":"post_tag","embeddable":true,"href":"https:\/\/cptsdracenie.fr\/index.php\/wp-json\/wp\/v2\/tags?post=1470"}],"curies":[{"name":"wp","href":"https:\/\/api.w.org\/{rel}","templated":true}]}}