{"id":16431,"date":"2024-09-20T11:39:20","date_gmt":"2024-09-20T09:39:20","guid":{"rendered":"https:\/\/cptsdracenie.fr\/?p=16431"},"modified":"2024-09-20T11:39:32","modified_gmt":"2024-09-20T09:39:32","slug":"reunion-sur-lacces-aux-soins","status":"publish","type":"post","link":"https:\/\/cptsdracenie.fr\/index.php\/2024\/09\/20\/reunion-sur-lacces-aux-soins\/","title":{"rendered":"R\u00c9UNION SUR L&rsquo;ACC\u00c8S AUX SOINS"},"content":{"rendered":"\n<p>La CPTS DPV a organis\u00e9 une rencontre entre professionnels de sant\u00e9 du territoire le 19 septembre 2024 au Centre de Pr\u00e9vention. Ont \u00e9t\u00e9 abord\u00e9s les sujets suivants : &#8211; acc\u00e8s aux soins &#8211; m\u00e9decin traitant en drac\u00e9nie &#8211; soins non programm\u00e9s &#8211; articulation et fonctionnement. <\/p>\n\n\n\n<p> Nous remercions les professionnels pr\u00e9sents pour leur investissement pour envisager des solutions face aux probl\u00e9matiques \u00e9voqu\u00e9es. <\/p>\n\n\n\n<figure class=\"wp-block-image size-large\"><img loading=\"lazy\" decoding=\"async\" width=\"1024\" height=\"576\" src=\"https:\/\/cptsdracenie.fr\/wp-content\/uploads\/2024\/09\/WhatsApp-Image-2024-09-19-a-19.25.27_d1eafcde-1024x576.jpg\" alt=\"\" class=\"wp-image-16432\" srcset=\"https:\/\/cptsdracenie.fr\/wp-content\/uploads\/2024\/09\/WhatsApp-Image-2024-09-19-a-19.25.27_d1eafcde-1024x576.jpg 1024w, https:\/\/cptsdracenie.fr\/wp-content\/uploads\/2024\/09\/WhatsApp-Image-2024-09-19-a-19.25.27_d1eafcde-300x169.jpg 300w, https:\/\/cptsdracenie.fr\/wp-content\/uploads\/2024\/09\/WhatsApp-Image-2024-09-19-a-19.25.27_d1eafcde-768x432.jpg 768w, https:\/\/cptsdracenie.fr\/wp-content\/uploads\/2024\/09\/WhatsApp-Image-2024-09-19-a-19.25.27_d1eafcde-1536x864.jpg 1536w, https:\/\/cptsdracenie.fr\/wp-content\/uploads\/2024\/09\/WhatsApp-Image-2024-09-19-a-19.25.27_d1eafcde.jpg 1599w\" sizes=\"auto, (max-width: 1024px) 100vw, 1024px\" \/><\/figure>\n","protected":false},"excerpt":{"rendered":"<p>La CPTS DPV a organis\u00e9 une rencontre entre professionnels de sant\u00e9 du territoire le 19 septembre 2024 au Centre de Pr\u00e9vention. Ont \u00e9t\u00e9 abord\u00e9s les sujets suivants : &#8211; acc\u00e8s aux soins &#8211; m\u00e9decin traitant en drac\u00e9nie &#8211; soins non programm\u00e9s &#8211; articulation et fonctionnement. Nous remercions les professionnels pr\u00e9sents pour leur investissement pour envisager [&hellip;]<\/p>\n","protected":false},"author":4,"featured_media":0,"comment_status":"closed","ping_status":"closed","sticky":false,"template":"","format":"standard","meta":{"footnotes":""},"categories":[1],"tags":[],"class_list":["post-16431","post","type-post","status-publish","format-standard","hentry","category-non-classe"],"yoast_head":"<!-- This site is optimized with the Yoast SEO plugin v27.5 - https:\/\/yoast.com\/product\/yoast-seo-wordpress\/ -->\n<title>R\u00c9UNION SUR L&#039;ACC\u00c8S AUX SOINS &#8211; Communaut\u00e9 Professionnelle Territoriale de Sant\u00e9 Drac\u00e9nie Provence Verdon<\/title>\n<meta name=\"robots\" content=\"index, follow, max-snippet:-1, max-image-preview:large, max-video-preview:-1\" \/>\n<link rel=\"canonical\" href=\"https:\/\/cptsdracenie.fr\/index.php\/2024\/09\/20\/reunion-sur-lacces-aux-soins\/\" \/>\n<meta property=\"og:locale\" content=\"fr_FR\" \/>\n<meta property=\"og:type\" content=\"article\" \/>\n<meta property=\"og:title\" content=\"R\u00c9UNION SUR L&#039;ACC\u00c8S AUX SOINS &#8211; Communaut\u00e9 Professionnelle Territoriale de Sant\u00e9 Drac\u00e9nie Provence Verdon\" \/>\n<meta property=\"og:description\" content=\"La CPTS DPV a organis\u00e9 une rencontre entre professionnels de sant\u00e9 du territoire le 19 septembre 2024 au Centre de Pr\u00e9vention. Ont \u00e9t\u00e9 abord\u00e9s les sujets suivants : &#8211; acc\u00e8s aux soins &#8211; m\u00e9decin traitant en drac\u00e9nie &#8211; soins non programm\u00e9s &#8211; articulation et fonctionnement. Nous remercions les professionnels pr\u00e9sents pour leur investissement pour envisager [&hellip;]\" \/>\n<meta property=\"og:url\" content=\"https:\/\/cptsdracenie.fr\/index.php\/2024\/09\/20\/reunion-sur-lacces-aux-soins\/\" \/>\n<meta property=\"og:site_name\" content=\"Communaut\u00e9 Professionnelle Territoriale de Sant\u00e9 Drac\u00e9nie Provence Verdon\" \/>\n<meta property=\"article:publisher\" content=\"https:\/\/www.facebook.com\/CPTSDPV\/\" \/>\n<meta property=\"article:published_time\" content=\"2024-09-20T09:39:20+00:00\" \/>\n<meta property=\"article:modified_time\" content=\"2024-09-20T09:39:32+00:00\" \/>\n<meta property=\"og:image\" content=\"https:\/\/cptsdracenie.fr\/wp-content\/uploads\/2024\/09\/WhatsApp-Image-2024-09-19-a-19.25.27_d1eafcde-1024x576.jpg\" \/>\n<meta name=\"author\" content=\"Cindy PUGLIESE\" \/>\n<meta name=\"twitter:card\" content=\"summary_large_image\" \/>\n<meta name=\"twitter:label1\" content=\"\u00c9crit par\" \/>\n\t<meta name=\"twitter:data1\" content=\"Cindy PUGLIESE\" \/>\n\t<meta name=\"twitter:label2\" content=\"Dur\u00e9e de lecture estim\u00e9e\" \/>\n\t<meta name=\"twitter:data2\" content=\"1 minute\" \/>\n<script type=\"application\/ld+json\" class=\"yoast-schema-graph\">{\"@context\":\"https:\\\/\\\/schema.org\",\"@graph\":[{\"@type\":\"Article\",\"@id\":\"https:\\\/\\\/cptsdracenie.fr\\\/index.php\\\/2024\\\/09\\\/20\\\/reunion-sur-lacces-aux-soins\\\/#article\",\"isPartOf\":{\"@id\":\"https:\\\/\\\/cptsdracenie.fr\\\/index.php\\\/2024\\\/09\\\/20\\\/reunion-sur-lacces-aux-soins\\\/\"},\"author\":{\"name\":\"Cindy PUGLIESE\",\"@id\":\"https:\\\/\\\/cptsdracenie.fr\\\/#\\\/schema\\\/person\\\/6ab30c4d52a86c9cefe30efbf0957b79\"},\"headline\":\"R\u00c9UNION SUR L&rsquo;ACC\u00c8S AUX SOINS\",\"datePublished\":\"2024-09-20T09:39:20+00:00\",\"dateModified\":\"2024-09-20T09:39:32+00:00\",\"mainEntityOfPage\":{\"@id\":\"https:\\\/\\\/cptsdracenie.fr\\\/index.php\\\/2024\\\/09\\\/20\\\/reunion-sur-lacces-aux-soins\\\/\"},\"wordCount\":75,\"publisher\":{\"@id\":\"https:\\\/\\\/cptsdracenie.fr\\\/#organization\"},\"image\":{\"@id\":\"https:\\\/\\\/cptsdracenie.fr\\\/index.php\\\/2024\\\/09\\\/20\\\/reunion-sur-lacces-aux-soins\\\/#primaryimage\"},\"thumbnailUrl\":\"https:\\\/\\\/cptsdracenie.fr\\\/wp-content\\\/uploads\\\/2024\\\/09\\\/WhatsApp-Image-2024-09-19-a-19.25.27_d1eafcde-1024x576.jpg\",\"inLanguage\":\"fr-FR\"},{\"@type\":\"WebPage\",\"@id\":\"https:\\\/\\\/cptsdracenie.fr\\\/index.php\\\/2024\\\/09\\\/20\\\/reunion-sur-lacces-aux-soins\\\/\",\"url\":\"https:\\\/\\\/cptsdracenie.fr\\\/index.php\\\/2024\\\/09\\\/20\\\/reunion-sur-lacces-aux-soins\\\/\",\"name\":\"R\u00c9UNION SUR L'ACC\u00c8S AUX SOINS &#8211; Communaut\u00e9 Professionnelle Territoriale de Sant\u00e9 Drac\u00e9nie Provence Verdon\",\"isPartOf\":{\"@id\":\"https:\\\/\\\/cptsdracenie.fr\\\/#website\"},\"primaryImageOfPage\":{\"@id\":\"https:\\\/\\\/cptsdracenie.fr\\\/index.php\\\/2024\\\/09\\\/20\\\/reunion-sur-lacces-aux-soins\\\/#primaryimage\"},\"image\":{\"@id\":\"https:\\\/\\\/cptsdracenie.fr\\\/index.php\\\/2024\\\/09\\\/20\\\/reunion-sur-lacces-aux-soins\\\/#primaryimage\"},\"thumbnailUrl\":\"https:\\\/\\\/cptsdracenie.fr\\\/wp-content\\\/uploads\\\/2024\\\/09\\\/WhatsApp-Image-2024-09-19-a-19.25.27_d1eafcde-1024x576.jpg\",\"datePublished\":\"2024-09-20T09:39:20+00:00\",\"dateModified\":\"2024-09-20T09:39:32+00:00\",\"breadcrumb\":{\"@id\":\"https:\\\/\\\/cptsdracenie.fr\\\/index.php\\\/2024\\\/09\\\/20\\\/reunion-sur-lacces-aux-soins\\\/#breadcrumb\"},\"inLanguage\":\"fr-FR\",\"potentialAction\":[{\"@type\":\"ReadAction\",\"target\":[\"https:\\\/\\\/cptsdracenie.fr\\\/index.php\\\/2024\\\/09\\\/20\\\/reunion-sur-lacces-aux-soins\\\/\"]}]},{\"@type\":\"ImageObject\",\"inLanguage\":\"fr-FR\",\"@id\":\"https:\\\/\\\/cptsdracenie.fr\\\/index.php\\\/2024\\\/09\\\/20\\\/reunion-sur-lacces-aux-soins\\\/#primaryimage\",\"url\":\"https:\\\/\\\/cptsdracenie.fr\\\/wp-content\\\/uploads\\\/2024\\\/09\\\/WhatsApp-Image-2024-09-19-a-19.25.27_d1eafcde.jpg\",\"contentUrl\":\"https:\\\/\\\/cptsdracenie.fr\\\/wp-content\\\/uploads\\\/2024\\\/09\\\/WhatsApp-Image-2024-09-19-a-19.25.27_d1eafcde.jpg\",\"width\":1599,\"height\":899},{\"@type\":\"BreadcrumbList\",\"@id\":\"https:\\\/\\\/cptsdracenie.fr\\\/index.php\\\/2024\\\/09\\\/20\\\/reunion-sur-lacces-aux-soins\\\/#breadcrumb\",\"itemListElement\":[{\"@type\":\"ListItem\",\"position\":1,\"name\":\"Accueil\",\"item\":\"https:\\\/\\\/cptsdracenie.fr\\\/\"},{\"@type\":\"ListItem\",\"position\":2,\"name\":\"R\u00c9UNION SUR L&#8217;ACC\u00c8S AUX SOINS\"}]},{\"@type\":\"WebSite\",\"@id\":\"https:\\\/\\\/cptsdracenie.fr\\\/#website\",\"url\":\"https:\\\/\\\/cptsdracenie.fr\\\/\",\"name\":\"CPTS DPV\",\"description\":\" CPTS Drac\u00e9nie Provence Verdon\",\"publisher\":{\"@id\":\"https:\\\/\\\/cptsdracenie.fr\\\/#organization\"},\"potentialAction\":[{\"@type\":\"SearchAction\",\"target\":{\"@type\":\"EntryPoint\",\"urlTemplate\":\"https:\\\/\\\/cptsdracenie.fr\\\/?s={search_term_string}\"},\"query-input\":{\"@type\":\"PropertyValueSpecification\",\"valueRequired\":true,\"valueName\":\"search_term_string\"}}],\"inLanguage\":\"fr-FR\"},{\"@type\":\"Organization\",\"@id\":\"https:\\\/\\\/cptsdracenie.fr\\\/#organization\",\"name\":\"CPTS Drac\u00e9nie-Provence-Verdon\",\"url\":\"https:\\\/\\\/cptsdracenie.fr\\\/\",\"logo\":{\"@type\":\"ImageObject\",\"inLanguage\":\"fr-FR\",\"@id\":\"https:\\\/\\\/cptsdracenie.fr\\\/#\\\/schema\\\/logo\\\/image\\\/\",\"url\":\"https:\\\/\\\/cptsdracenie.fr\\\/wp-content\\\/uploads\\\/2020\\\/01\\\/CPTS-version-2-blanc.png\",\"contentUrl\":\"https:\\\/\\\/cptsdracenie.fr\\\/wp-content\\\/uploads\\\/2020\\\/01\\\/CPTS-version-2-blanc.png\",\"width\":200,\"height\":200,\"caption\":\"CPTS Drac\u00e9nie-Provence-Verdon\"},\"image\":{\"@id\":\"https:\\\/\\\/cptsdracenie.fr\\\/#\\\/schema\\\/logo\\\/image\\\/\"},\"sameAs\":[\"https:\\\/\\\/www.facebook.com\\\/CPTSDPV\\\/\",\"https:\\\/\\\/www.linkedin.com\\\/company\\\/cpts-drac\u00e9nie-provence-verdon\\\/\"]},{\"@type\":\"Person\",\"@id\":\"https:\\\/\\\/cptsdracenie.fr\\\/#\\\/schema\\\/person\\\/6ab30c4d52a86c9cefe30efbf0957b79\",\"name\":\"Cindy PUGLIESE\",\"image\":{\"@type\":\"ImageObject\",\"inLanguage\":\"fr-FR\",\"@id\":\"https:\\\/\\\/secure.gravatar.com\\\/avatar\\\/01509fa68b246672ee57d95dd5d45b65fa93f9ec2f4b51a761dc8b19023db7f5?s=96&d=mm&r=g\",\"url\":\"https:\\\/\\\/secure.gravatar.com\\\/avatar\\\/01509fa68b246672ee57d95dd5d45b65fa93f9ec2f4b51a761dc8b19023db7f5?s=96&d=mm&r=g\",\"contentUrl\":\"https:\\\/\\\/secure.gravatar.com\\\/avatar\\\/01509fa68b246672ee57d95dd5d45b65fa93f9ec2f4b51a761dc8b19023db7f5?s=96&d=mm&r=g\",\"caption\":\"Cindy PUGLIESE\"},\"url\":\"https:\\\/\\\/cptsdracenie.fr\\\/index.php\\\/author\\\/cindy-pugliese\\\/\"}]}<\/script>\n<!-- \/ Yoast SEO plugin. -->","yoast_head_json":{"title":"R\u00c9UNION SUR L'ACC\u00c8S AUX SOINS &#8211; Communaut\u00e9 Professionnelle Territoriale de Sant\u00e9 Drac\u00e9nie Provence Verdon","robots":{"index":"index","follow":"follow","max-snippet":"max-snippet:-1","max-image-preview":"max-image-preview:large","max-video-preview":"max-video-preview:-1"},"canonical":"https:\/\/cptsdracenie.fr\/index.php\/2024\/09\/20\/reunion-sur-lacces-aux-soins\/","og_locale":"fr_FR","og_type":"article","og_title":"R\u00c9UNION SUR L'ACC\u00c8S AUX SOINS &#8211; Communaut\u00e9 Professionnelle Territoriale de Sant\u00e9 Drac\u00e9nie Provence Verdon","og_description":"La CPTS DPV a organis\u00e9 une rencontre entre professionnels de sant\u00e9 du territoire le 19 septembre 2024 au Centre de Pr\u00e9vention. Ont \u00e9t\u00e9 abord\u00e9s les sujets suivants : &#8211; acc\u00e8s aux soins &#8211; m\u00e9decin traitant en drac\u00e9nie &#8211; soins non programm\u00e9s &#8211; articulation et fonctionnement. Nous remercions les professionnels pr\u00e9sents pour leur investissement pour envisager [&hellip;]","og_url":"https:\/\/cptsdracenie.fr\/index.php\/2024\/09\/20\/reunion-sur-lacces-aux-soins\/","og_site_name":"Communaut\u00e9 Professionnelle Territoriale de Sant\u00e9 Drac\u00e9nie Provence Verdon","article_publisher":"https:\/\/www.facebook.com\/CPTSDPV\/","article_published_time":"2024-09-20T09:39:20+00:00","article_modified_time":"2024-09-20T09:39:32+00:00","og_image":[{"url":"https:\/\/cptsdracenie.fr\/wp-content\/uploads\/2024\/09\/WhatsApp-Image-2024-09-19-a-19.25.27_d1eafcde-1024x576.jpg","type":"","width":"","height":""}],"author":"Cindy PUGLIESE","twitter_card":"summary_large_image","twitter_misc":{"\u00c9crit par":"Cindy PUGLIESE","Dur\u00e9e de lecture estim\u00e9e":"1 minute"},"schema":{"@context":"https:\/\/schema.org","@graph":[{"@type":"Article","@id":"https:\/\/cptsdracenie.fr\/index.php\/2024\/09\/20\/reunion-sur-lacces-aux-soins\/#article","isPartOf":{"@id":"https:\/\/cptsdracenie.fr\/index.php\/2024\/09\/20\/reunion-sur-lacces-aux-soins\/"},"author":{"name":"Cindy PUGLIESE","@id":"https:\/\/cptsdracenie.fr\/#\/schema\/person\/6ab30c4d52a86c9cefe30efbf0957b79"},"headline":"R\u00c9UNION SUR L&rsquo;ACC\u00c8S AUX SOINS","datePublished":"2024-09-20T09:39:20+00:00","dateModified":"2024-09-20T09:39:32+00:00","mainEntityOfPage":{"@id":"https:\/\/cptsdracenie.fr\/index.php\/2024\/09\/20\/reunion-sur-lacces-aux-soins\/"},"wordCount":75,"publisher":{"@id":"https:\/\/cptsdracenie.fr\/#organization"},"image":{"@id":"https:\/\/cptsdracenie.fr\/index.php\/2024\/09\/20\/reunion-sur-lacces-aux-soins\/#primaryimage"},"thumbnailUrl":"https:\/\/cptsdracenie.fr\/wp-content\/uploads\/2024\/09\/WhatsApp-Image-2024-09-19-a-19.25.27_d1eafcde-1024x576.jpg","inLanguage":"fr-FR"},{"@type":"WebPage","@id":"https:\/\/cptsdracenie.fr\/index.php\/2024\/09\/20\/reunion-sur-lacces-aux-soins\/","url":"https:\/\/cptsdracenie.fr\/index.php\/2024\/09\/20\/reunion-sur-lacces-aux-soins\/","name":"R\u00c9UNION SUR L'ACC\u00c8S AUX SOINS &#8211; Communaut\u00e9 Professionnelle Territoriale de Sant\u00e9 Drac\u00e9nie Provence Verdon","isPartOf":{"@id":"https:\/\/cptsdracenie.fr\/#website"},"primaryImageOfPage":{"@id":"https:\/\/cptsdracenie.fr\/index.php\/2024\/09\/20\/reunion-sur-lacces-aux-soins\/#primaryimage"},"image":{"@id":"https:\/\/cptsdracenie.fr\/index.php\/2024\/09\/20\/reunion-sur-lacces-aux-soins\/#primaryimage"},"thumbnailUrl":"https:\/\/cptsdracenie.fr\/wp-content\/uploads\/2024\/09\/WhatsApp-Image-2024-09-19-a-19.25.27_d1eafcde-1024x576.jpg","datePublished":"2024-09-20T09:39:20+00:00","dateModified":"2024-09-20T09:39:32+00:00","breadcrumb":{"@id":"https:\/\/cptsdracenie.fr\/index.php\/2024\/09\/20\/reunion-sur-lacces-aux-soins\/#breadcrumb"},"inLanguage":"fr-FR","potentialAction":[{"@type":"ReadAction","target":["https:\/\/cptsdracenie.fr\/index.php\/2024\/09\/20\/reunion-sur-lacces-aux-soins\/"]}]},{"@type":"ImageObject","inLanguage":"fr-FR","@id":"https:\/\/cptsdracenie.fr\/index.php\/2024\/09\/20\/reunion-sur-lacces-aux-soins\/#primaryimage","url":"https:\/\/cptsdracenie.fr\/wp-content\/uploads\/2024\/09\/WhatsApp-Image-2024-09-19-a-19.25.27_d1eafcde.jpg","contentUrl":"https:\/\/cptsdracenie.fr\/wp-content\/uploads\/2024\/09\/WhatsApp-Image-2024-09-19-a-19.25.27_d1eafcde.jpg","width":1599,"height":899},{"@type":"BreadcrumbList","@id":"https:\/\/cptsdracenie.fr\/index.php\/2024\/09\/20\/reunion-sur-lacces-aux-soins\/#breadcrumb","itemListElement":[{"@type":"ListItem","position":1,"name":"Accueil","item":"https:\/\/cptsdracenie.fr\/"},{"@type":"ListItem","position":2,"name":"R\u00c9UNION SUR L&#8217;ACC\u00c8S AUX SOINS"}]},{"@type":"WebSite","@id":"https:\/\/cptsdracenie.fr\/#website","url":"https:\/\/cptsdracenie.fr\/","name":"CPTS DPV","description":" CPTS Drac\u00e9nie Provence Verdon","publisher":{"@id":"https:\/\/cptsdracenie.fr\/#organization"},"potentialAction":[{"@type":"SearchAction","target":{"@type":"EntryPoint","urlTemplate":"https:\/\/cptsdracenie.fr\/?s={search_term_string}"},"query-input":{"@type":"PropertyValueSpecification","valueRequired":true,"valueName":"search_term_string"}}],"inLanguage":"fr-FR"},{"@type":"Organization","@id":"https:\/\/cptsdracenie.fr\/#organization","name":"CPTS Drac\u00e9nie-Provence-Verdon","url":"https:\/\/cptsdracenie.fr\/","logo":{"@type":"ImageObject","inLanguage":"fr-FR","@id":"https:\/\/cptsdracenie.fr\/#\/schema\/logo\/image\/","url":"https:\/\/cptsdracenie.fr\/wp-content\/uploads\/2020\/01\/CPTS-version-2-blanc.png","contentUrl":"https:\/\/cptsdracenie.fr\/wp-content\/uploads\/2020\/01\/CPTS-version-2-blanc.png","width":200,"height":200,"caption":"CPTS Drac\u00e9nie-Provence-Verdon"},"image":{"@id":"https:\/\/cptsdracenie.fr\/#\/schema\/logo\/image\/"},"sameAs":["https:\/\/www.facebook.com\/CPTSDPV\/","https:\/\/www.linkedin.com\/company\/cpts-drac\u00e9nie-provence-verdon\/"]},{"@type":"Person","@id":"https:\/\/cptsdracenie.fr\/#\/schema\/person\/6ab30c4d52a86c9cefe30efbf0957b79","name":"Cindy PUGLIESE","image":{"@type":"ImageObject","inLanguage":"fr-FR","@id":"https:\/\/secure.gravatar.com\/avatar\/01509fa68b246672ee57d95dd5d45b65fa93f9ec2f4b51a761dc8b19023db7f5?s=96&d=mm&r=g","url":"https:\/\/secure.gravatar.com\/avatar\/01509fa68b246672ee57d95dd5d45b65fa93f9ec2f4b51a761dc8b19023db7f5?s=96&d=mm&r=g","contentUrl":"https:\/\/secure.gravatar.com\/avatar\/01509fa68b246672ee57d95dd5d45b65fa93f9ec2f4b51a761dc8b19023db7f5?s=96&d=mm&r=g","caption":"Cindy PUGLIESE"},"url":"https:\/\/cptsdracenie.fr\/index.php\/author\/cindy-pugliese\/"}]}},"_links":{"self":[{"href":"https:\/\/cptsdracenie.fr\/index.php\/wp-json\/wp\/v2\/posts\/16431","targetHints":{"allow":["GET"]}}],"collection":[{"href":"https:\/\/cptsdracenie.fr\/index.php\/wp-json\/wp\/v2\/posts"}],"about":[{"href":"https:\/\/cptsdracenie.fr\/index.php\/wp-json\/wp\/v2\/types\/post"}],"author":[{"embeddable":true,"href":"https:\/\/cptsdracenie.fr\/index.php\/wp-json\/wp\/v2\/users\/4"}],"replies":[{"embeddable":true,"href":"https:\/\/cptsdracenie.fr\/index.php\/wp-json\/wp\/v2\/comments?post=16431"}],"version-history":[{"count":1,"href":"https:\/\/cptsdracenie.fr\/index.php\/wp-json\/wp\/v2\/posts\/16431\/revisions"}],"predecessor-version":[{"id":16433,"href":"https:\/\/cptsdracenie.fr\/index.php\/wp-json\/wp\/v2\/posts\/16431\/revisions\/16433"}],"wp:attachment":[{"href":"https:\/\/cptsdracenie.fr\/index.php\/wp-json\/wp\/v2\/media?parent=16431"}],"wp:term":[{"taxonomy":"category","embeddable":true,"href":"https:\/\/cptsdracenie.fr\/index.php\/wp-json\/wp\/v2\/categories?post=16431"},{"taxonomy":"post_tag","embeddable":true,"href":"https:\/\/cptsdracenie.fr\/index.php\/wp-json\/wp\/v2\/tags?post=16431"}],"curies":[{"name":"wp","href":"https:\/\/api.w.org\/{rel}","templated":true}]}}