{"id":19003,"date":"2026-03-09T09:59:10","date_gmt":"2026-03-09T08:59:10","guid":{"rendered":"https:\/\/cptsdracenie.fr\/?p=19003"},"modified":"2026-03-09T10:14:25","modified_gmt":"2026-03-09T09:14:25","slug":"communique-de-presse-journee-des-nouveaux-metier-2-avril-2026","status":"publish","type":"post","link":"https:\/\/cptsdracenie.fr\/index.php\/2026\/03\/09\/communique-de-presse-journee-des-nouveaux-metier-2-avril-2026\/","title":{"rendered":"Communiqu\u00e9 de presse journ\u00e9e des nouveaux m\u00e9tier 2 avril 2026"},"content":{"rendered":"\n<div class=\"wp-block-media-text is-stacked-on-mobile\"><figure class=\"wp-block-media-text__media\"><img loading=\"lazy\" decoding=\"async\" width=\"768\" height=\"1024\" src=\"https:\/\/cptsdracenie.fr\/wp-content\/uploads\/2026\/03\/Flyer-Metier-2026_QR-code-768x1024.jpg\" alt=\"\" class=\"wp-image-19006 size-full\" srcset=\"https:\/\/cptsdracenie.fr\/wp-content\/uploads\/2026\/03\/Flyer-Metier-2026_QR-code-768x1024.jpg 768w, https:\/\/cptsdracenie.fr\/wp-content\/uploads\/2026\/03\/Flyer-Metier-2026_QR-code-225x300.jpg 225w, https:\/\/cptsdracenie.fr\/wp-content\/uploads\/2026\/03\/Flyer-Metier-2026_QR-code-1152x1536.jpg 1152w, https:\/\/cptsdracenie.fr\/wp-content\/uploads\/2026\/03\/Flyer-Metier-2026_QR-code-1536x2048.jpg 1536w, https:\/\/cptsdracenie.fr\/wp-content\/uploads\/2026\/03\/Flyer-Metier-2026_QR-code-scaled.jpg 1920w\" sizes=\"auto, (max-width: 768px) 100vw, 768px\" \/><\/figure><div class=\"wp-block-media-text__content\">\n<h2 class=\"wp-block-heading\">Cap sur les m\u00e9tiers de demain : une journ\u00e9e territoriale consacr\u00e9e aux nouveaux m\u00e9tiers du sanitaire et du m\u00e9dico-social<\/h2>\n\n\n\n<p><strong>Le collectif <em>Horizon sant\u00e9 m\u00e9dico-social<\/em><\/strong><\/p>\n\n\n\n<p>Centre Hospitalier de la Drac\u00e9nie, CPTS Drac\u00e9nie Provence Verdon, CPTS Provence Verte, IME de Salernes, Polyclinique Notre Dame, UGECAM paca<\/p>\n\n\n\n<p><strong>POINT PRESSE 11.03 ou 12.03.2026 Matin<\/strong><\/p>\n\n\n\n<p><\/p>\n\n\n\n<p><\/p>\n\n\n\n<p><\/p>\n<\/div><\/div>\n\n\n\n<p><strong>Le Muy, le 2 avril 2026<\/strong> \u2013 Le Collectif Horizon Sant\u00e9 et M\u00e9dico-social organise la <strong>2\u1d49 journ\u00e9e territoriale \u201cCap sur les m\u00e9tiers de demain !\u201d<\/strong>, un \u00e9v\u00e9nement d\u00e9di\u00e9 \u00e0 l\u2019\u00e9volution des m\u00e9tiers du secteur sanitaire, social et m\u00e9dico-social et \u00e0 leur r\u00f4le dans la <strong>responsabilit\u00e9 populationnelle<\/strong>. La rencontre se tiendra \u00e0 partir de <strong>9h00 \u00e0 la Salle Polyvalente du Muy (Var)<\/strong> et r\u00e9unira professionnels, institutions, chercheurs et acteurs du territoire.<\/p>\n\n\n\n<p>Face aux transformations d\u00e9mographiques, sociales et sanitaires, les m\u00e9tiers de l\u2019accompagnement et du soin \u00e9voluent rapidement. Cette journ\u00e9e a pour ambition de <strong>mettre en lumi\u00e8re les nouveaux r\u00f4les professionnels<\/strong>, les coop\u00e9rations \u00e9mergentes entre acteurs et les innovations organisationnelles permettant de mieux r\u00e9pondre aux besoins des populations.<\/p>\n\n\n\n<p>Au c\u0153ur des \u00e9changes figurera la <strong>responsabilit\u00e9 populationnelle<\/strong>, une approche qui vise \u00e0 am\u00e9liorer la sant\u00e9 et le bien-\u00eatre d\u2019une population sur un territoire donn\u00e9 en coordonnant l\u2019action des acteurs du sanitaire, du social et du m\u00e9dico-social. Cette vision encourage la pr\u00e9vention, la coordination des parcours et une r\u00e9ponse collective aux enjeux de sant\u00e9 publique.<\/p>\n\n\n\n<p>La journ\u00e9e proposera <strong>conf\u00e9rences, t\u00e9moignages et ateliers participatifs<\/strong>, permettant aux participants de d\u00e9couvrir les nouvelles comp\u00e9tences n\u00e9cessaires dans les organisations et d\u2019\u00e9changer autour d\u2019exp\u00e9riences concr\u00e8tes.<\/p>\n\n\n\n<p><strong>Au programme :<\/strong><\/p>\n\n\n\n<ul class=\"wp-block-list\">\n<li>Accueil des participants et introduction institutionnelle<\/li>\n\n\n\n<li>Intervention sur <strong>les nouveaux m\u00e9tiers et la responsabilit\u00e9 populationnelle<\/strong><\/li>\n\n\n\n<li>Table ronde autour <strong>des nouveaux m\u00e9tiers dans les organisations complexes<\/strong><\/li>\n\n\n\n<li>T\u00e9moignages de structures exp\u00e9rimentant l\u2019int\u00e9gration de nouveaux m\u00e9tiers<\/li>\n\n\n\n<li>Ateliers th\u00e9matiques autour de cas pratiques entre professionnels<\/li>\n<\/ul>\n\n\n\n<p>Cette rencontre territoriale se veut <strong>un espace de r\u00e9flexion, d\u2019inspiration et de coop\u00e9ration<\/strong> pour accompagner les mutations du secteur et anticiper les comp\u00e9tences n\u00e9cessaires aux m\u00e9tiers de demain.<\/p>\n\n\n\n<p>L\u2019\u00e9v\u00e9nement est <strong>gratuit sur inscription<\/strong> et s\u2019adresse aux professionnels du sanitaire, du social et du m\u00e9dico-social, aux collectivit\u00e9s, aux organismes de formation ainsi qu\u2019\u00e0 l\u2019ensemble des acteurs engag\u00e9s dans l\u2019innovation en sant\u00e9 et accompagnement.<\/p>\n\n\n\n<p><strong>Informations pratiques :<\/strong><br>\ud83d\udcc5 Date : jeudi 2 avril 2026<br>\ud83d\udd58 Horaires : 9h00 \u2013 16h00<br>\ud83d\udccd Lieu : Salle Polyvalente \u2013 209 avenue Saint-Anne, 83490 Le Muy<\/p>\n\n\n\n<p><strong>Contact presse \/ organisation :<\/strong><br>CREAI PACA Corse \u2013 Collectif Horizon Sant\u00e9 et M\u00e9dico-social<br>Maud Pommier<br>\ud83d\udcde 06 13 40 54 09<br>\u2709\ufe0f <a href=\"mailto:maud.pommier@creai-pacacorse.com\">maud.pommier@creai-pacacorse.com<\/a><\/p>\n\n\n\n<div class=\"wp-block-columns alignwide is-layout-flex wp-container-core-columns-is-layout-829b1d53 wp-block-columns-is-layout-flex\" style=\"margin-bottom:0\">\n<div class=\"wp-block-column has-text-color has-background has-link-color wp-elements-887a12bc41a0efd2d09b792627be7abf is-layout-flow wp-block-column-is-layout-flow\" style=\"color:#000000;background-color:#ffe97d;padding-top:2em;padding-right:2em;padding-bottom:2em;padding-left:2em\">\n<h2 class=\"wp-block-heading\" id=\"single\" style=\"font-size:40px\"><strong>La 1\u00e8re \u00e9dition<\/strong><\/h2>\n\n\n\n<p class=\"has-normal-font-size\" style=\"line-height:1.5\"><strong>Retour en images<\/strong><\/p>\n\n\n\n<hr class=\"wp-block-separator has-text-color has-css-opacity has-background is-style-wide\" style=\"background-color:#000000;color:#000000\"\/>\n\n\n\n<div class=\"wp-block-buttons alignfull is-horizontal is-content-justification-center is-layout-flex wp-container-core-buttons-is-layout-499968f5 wp-block-buttons-is-layout-flex\">\n<div class=\"wp-block-button has-custom-width wp-block-button__width-100\"><a class=\"wp-block-button__link has-white-color has-text-color has-background no-border-radius wp-element-button\" href=\"https:\/\/youtu.be\/zMt5YgaDExo\" style=\"background-color:#000000\">Visionner<\/a><\/div>\n<\/div>\n<\/div>\n\n\n\n<div class=\"wp-block-column has-text-color has-background has-link-color wp-elements-8f7c892c6e3b3471d5d4326f55330f1e is-layout-flow wp-block-column-is-layout-flow\" style=\"color:#000000;background-color:#d1d1e1;padding-top:2em;padding-right:2em;padding-bottom:2em;padding-left:2em\">\n<h2 class=\"wp-block-heading\" id=\"family\" style=\"font-size:40px\"><strong>La boite \u00e0 outils<\/strong><\/h2>\n\n\n\n<p class=\"has-normal-font-size\" style=\"line-height:1.5\"><strong>Qu&rsquo;est ce que c&rsquo;est?<\/strong><\/p>\n\n\n\n<hr class=\"wp-block-separator has-css-opacity is-style-wide\"\/>\n\n\n\n<div class=\"wp-block-buttons alignfull is-horizontal is-content-justification-center is-layout-flex wp-container-core-buttons-is-layout-499968f5 wp-block-buttons-is-layout-flex\">\n<div class=\"wp-block-button has-custom-width wp-block-button__width-100 is-style-fill\"><a class=\"wp-block-button__link has-white-color has-text-color has-background no-border-radius wp-element-button\" href=\"https:\/\/youtu.be\/40slEs0r8bA?si=junBnCbwxvXZQa7B\" style=\"background-color:#000000\">Visionner<\/a><\/div>\n<\/div>\n<\/div>\n\n\n\n<div class=\"wp-block-column has-text-color has-background has-link-color wp-elements-8bd768cda85b027aad297566973def18 is-layout-flow wp-block-column-is-layout-flow\" style=\"color:#000000;background-color:#c0ebf1;padding-top:2em;padding-right:2em;padding-bottom:2em;padding-left:2em\">\n<h2 class=\"wp-block-heading\" id=\"patron\" style=\"font-size:40px\"><strong>Naissance du collectif <\/strong> <\/h2>\n\n\n\n<p class=\"has-normal-font-size\"><strong>L&rsquo;exp\u00e9rimentation <\/strong><\/p>\n\n\n\n<hr class=\"wp-block-separator has-css-opacity is-style-wide\"\/>\n\n\n\n<div class=\"wp-block-buttons alignfull is-horizontal is-content-justification-center is-layout-flex wp-container-core-buttons-is-layout-499968f5 wp-block-buttons-is-layout-flex\">\n<div class=\"wp-block-button has-custom-width wp-block-button__width-100\"><a class=\"wp-block-button__link has-white-color has-text-color has-background no-border-radius wp-element-button\" href=\"https:\/\/youtu.be\/PgQgXfOHjzs?si=5xo0FHbXcT-P2ay7\" style=\"background-color:#000000\">Visionner<\/a><\/div>\n<\/div>\n<\/div>\n<\/div>\n\n\n\n<div class=\"wp-block-group alignfull is-content-justification-center\" style=\"margin-top:0;margin-bottom:0\"><div class=\"wp-block-group__inner-container is-layout-constrained wp-block-group-is-layout-constrained\">\n<div style=\"height:var(--wp--preset--spacing--20)\" aria-hidden=\"true\" class=\"wp-block-spacer\"><\/div>\n\n\n\n<div class=\"wp-block-group alignwide\"><div class=\"wp-block-group__inner-container is-layout-flow wp-block-group-is-layout-flow\">\n<div style=\"height:var(--wp--preset--spacing--20)\" aria-hidden=\"true\" class=\"wp-block-spacer\"><\/div>\n<\/div><\/div>\n\n\n\n<div style=\"height:var(--wp--preset--spacing--20)\" aria-hidden=\"true\" class=\"wp-block-spacer\"><\/div>\n<\/div><\/div>\n","protected":false},"excerpt":{"rendered":"<p>Cap sur les m\u00e9tiers de demain : une journ\u00e9e territoriale consacr\u00e9e aux nouveaux m\u00e9tiers du sanitaire et du m\u00e9dico-social Le collectif Horizon sant\u00e9 m\u00e9dico-social Centre Hospitalier de la Drac\u00e9nie, CPTS Drac\u00e9nie Provence Verdon, CPTS Provence Verte, IME de Salernes, Polyclinique Notre Dame, UGECAM paca POINT PRESSE 11.03 ou 12.03.2026 Matin Le Muy, le 2 avril [&hellip;]<\/p>\n","protected":false},"author":4,"featured_media":19006,"comment_status":"closed","ping_status":"closed","sticky":false,"template":"","format":"standard","meta":{"footnotes":""},"categories":[27,1],"tags":[],"class_list":["post-19003","post","type-post","status-publish","format-standard","has-post-thumbnail","hentry","category-informations","category-non-classe"],"yoast_head":"<!-- This site is optimized with the Yoast SEO plugin v27.5 - https:\/\/yoast.com\/product\/yoast-seo-wordpress\/ -->\n<title>Communiqu\u00e9 de presse journ\u00e9e des nouveaux m\u00e9tier 2 avril 2026 &#8211; Communaut\u00e9 Professionnelle Territoriale de Sant\u00e9 Drac\u00e9nie Provence Verdon<\/title>\n<meta name=\"description\" content=\"Cap sur les m\u00e9tiers de demain : une journ\u00e9e territoriale consacr\u00e9e aux nouveaux m\u00e9tiers du sanitaire et du m\u00e9dico-social\" \/>\n<meta name=\"robots\" content=\"index, follow, max-snippet:-1, max-image-preview:large, max-video-preview:-1\" \/>\n<link rel=\"canonical\" href=\"https:\/\/cptsdracenie.fr\/index.php\/2026\/03\/09\/communique-de-presse-journee-des-nouveaux-metier-2-avril-2026\/\" \/>\n<meta property=\"og:locale\" content=\"fr_FR\" \/>\n<meta property=\"og:type\" content=\"article\" \/>\n<meta property=\"og:title\" content=\"Communiqu\u00e9 de presse journ\u00e9e des nouveaux m\u00e9tier 2 avril 2026 &#8211; Communaut\u00e9 Professionnelle Territoriale de Sant\u00e9 Drac\u00e9nie Provence Verdon\" \/>\n<meta property=\"og:description\" content=\"Cap sur les m\u00e9tiers de demain : une journ\u00e9e territoriale consacr\u00e9e aux nouveaux m\u00e9tiers du sanitaire et du m\u00e9dico-social\" \/>\n<meta property=\"og:url\" content=\"https:\/\/cptsdracenie.fr\/index.php\/2026\/03\/09\/communique-de-presse-journee-des-nouveaux-metier-2-avril-2026\/\" \/>\n<meta property=\"og:site_name\" content=\"Communaut\u00e9 Professionnelle Territoriale de Sant\u00e9 Drac\u00e9nie Provence Verdon\" \/>\n<meta property=\"article:publisher\" content=\"https:\/\/www.facebook.com\/CPTSDPV\/\" \/>\n<meta property=\"article:published_time\" content=\"2026-03-09T08:59:10+00:00\" \/>\n<meta property=\"article:modified_time\" content=\"2026-03-09T09:14:25+00:00\" \/>\n<meta property=\"og:image\" content=\"https:\/\/cptsdracenie.fr\/wp-content\/uploads\/2026\/03\/Flyer-Metier-2026_QR-code-scaled.jpg\" \/>\n\t<meta property=\"og:image:width\" content=\"1920\" \/>\n\t<meta property=\"og:image:height\" content=\"2560\" \/>\n\t<meta property=\"og:image:type\" content=\"image\/jpeg\" \/>\n<meta name=\"author\" content=\"Cindy PUGLIESE\" \/>\n<meta name=\"twitter:card\" content=\"summary_large_image\" \/>\n<meta name=\"twitter:label1\" content=\"\u00c9crit par\" \/>\n\t<meta name=\"twitter:data1\" content=\"Cindy PUGLIESE\" \/>\n\t<meta name=\"twitter:label2\" content=\"Dur\u00e9e de lecture estim\u00e9e\" \/>\n\t<meta name=\"twitter:data2\" content=\"3 minutes\" \/>\n<script type=\"application\/ld+json\" class=\"yoast-schema-graph\">{\"@context\":\"https:\\\/\\\/schema.org\",\"@graph\":[{\"@type\":\"Article\",\"@id\":\"https:\\\/\\\/cptsdracenie.fr\\\/index.php\\\/2026\\\/03\\\/09\\\/communique-de-presse-journee-des-nouveaux-metier-2-avril-2026\\\/#article\",\"isPartOf\":{\"@id\":\"https:\\\/\\\/cptsdracenie.fr\\\/index.php\\\/2026\\\/03\\\/09\\\/communique-de-presse-journee-des-nouveaux-metier-2-avril-2026\\\/\"},\"author\":{\"name\":\"Cindy PUGLIESE\",\"@id\":\"https:\\\/\\\/cptsdracenie.fr\\\/#\\\/schema\\\/person\\\/6ab30c4d52a86c9cefe30efbf0957b79\"},\"headline\":\"Communiqu\u00e9 de presse journ\u00e9e des nouveaux m\u00e9tier 2 avril 2026\",\"datePublished\":\"2026-03-09T08:59:10+00:00\",\"dateModified\":\"2026-03-09T09:14:25+00:00\",\"mainEntityOfPage\":{\"@id\":\"https:\\\/\\\/cptsdracenie.fr\\\/index.php\\\/2026\\\/03\\\/09\\\/communique-de-presse-journee-des-nouveaux-metier-2-avril-2026\\\/\"},\"wordCount\":470,\"publisher\":{\"@id\":\"https:\\\/\\\/cptsdracenie.fr\\\/#organization\"},\"image\":{\"@id\":\"https:\\\/\\\/cptsdracenie.fr\\\/index.php\\\/2026\\\/03\\\/09\\\/communique-de-presse-journee-des-nouveaux-metier-2-avril-2026\\\/#primaryimage\"},\"thumbnailUrl\":\"https:\\\/\\\/cptsdracenie.fr\\\/wp-content\\\/uploads\\\/2026\\\/03\\\/Flyer-Metier-2026_QR-code-scaled.jpg\",\"articleSection\":[\"Informations g\u00e9n\u00e9rale\"],\"inLanguage\":\"fr-FR\"},{\"@type\":\"WebPage\",\"@id\":\"https:\\\/\\\/cptsdracenie.fr\\\/index.php\\\/2026\\\/03\\\/09\\\/communique-de-presse-journee-des-nouveaux-metier-2-avril-2026\\\/\",\"url\":\"https:\\\/\\\/cptsdracenie.fr\\\/index.php\\\/2026\\\/03\\\/09\\\/communique-de-presse-journee-des-nouveaux-metier-2-avril-2026\\\/\",\"name\":\"Communiqu\u00e9 de presse journ\u00e9e des nouveaux m\u00e9tier 2 avril 2026 &#8211; Communaut\u00e9 Professionnelle Territoriale de Sant\u00e9 Drac\u00e9nie Provence Verdon\",\"isPartOf\":{\"@id\":\"https:\\\/\\\/cptsdracenie.fr\\\/#website\"},\"primaryImageOfPage\":{\"@id\":\"https:\\\/\\\/cptsdracenie.fr\\\/index.php\\\/2026\\\/03\\\/09\\\/communique-de-presse-journee-des-nouveaux-metier-2-avril-2026\\\/#primaryimage\"},\"image\":{\"@id\":\"https:\\\/\\\/cptsdracenie.fr\\\/index.php\\\/2026\\\/03\\\/09\\\/communique-de-presse-journee-des-nouveaux-metier-2-avril-2026\\\/#primaryimage\"},\"thumbnailUrl\":\"https:\\\/\\\/cptsdracenie.fr\\\/wp-content\\\/uploads\\\/2026\\\/03\\\/Flyer-Metier-2026_QR-code-scaled.jpg\",\"datePublished\":\"2026-03-09T08:59:10+00:00\",\"dateModified\":\"2026-03-09T09:14:25+00:00\",\"description\":\"Cap sur les m\u00e9tiers de demain : une journ\u00e9e territoriale consacr\u00e9e aux nouveaux m\u00e9tiers du sanitaire et du m\u00e9dico-social\",\"breadcrumb\":{\"@id\":\"https:\\\/\\\/cptsdracenie.fr\\\/index.php\\\/2026\\\/03\\\/09\\\/communique-de-presse-journee-des-nouveaux-metier-2-avril-2026\\\/#breadcrumb\"},\"inLanguage\":\"fr-FR\",\"potentialAction\":[{\"@type\":\"ReadAction\",\"target\":[\"https:\\\/\\\/cptsdracenie.fr\\\/index.php\\\/2026\\\/03\\\/09\\\/communique-de-presse-journee-des-nouveaux-metier-2-avril-2026\\\/\"]}]},{\"@type\":\"ImageObject\",\"inLanguage\":\"fr-FR\",\"@id\":\"https:\\\/\\\/cptsdracenie.fr\\\/index.php\\\/2026\\\/03\\\/09\\\/communique-de-presse-journee-des-nouveaux-metier-2-avril-2026\\\/#primaryimage\",\"url\":\"https:\\\/\\\/cptsdracenie.fr\\\/wp-content\\\/uploads\\\/2026\\\/03\\\/Flyer-Metier-2026_QR-code-scaled.jpg\",\"contentUrl\":\"https:\\\/\\\/cptsdracenie.fr\\\/wp-content\\\/uploads\\\/2026\\\/03\\\/Flyer-Metier-2026_QR-code-scaled.jpg\",\"width\":1920,\"height\":2560},{\"@type\":\"BreadcrumbList\",\"@id\":\"https:\\\/\\\/cptsdracenie.fr\\\/index.php\\\/2026\\\/03\\\/09\\\/communique-de-presse-journee-des-nouveaux-metier-2-avril-2026\\\/#breadcrumb\",\"itemListElement\":[{\"@type\":\"ListItem\",\"position\":1,\"name\":\"Accueil\",\"item\":\"https:\\\/\\\/cptsdracenie.fr\\\/\"},{\"@type\":\"ListItem\",\"position\":2,\"name\":\"Communiqu\u00e9 de presse journ\u00e9e des nouveaux m\u00e9tier 2 avril 2026\"}]},{\"@type\":\"WebSite\",\"@id\":\"https:\\\/\\\/cptsdracenie.fr\\\/#website\",\"url\":\"https:\\\/\\\/cptsdracenie.fr\\\/\",\"name\":\"CPTS DPV\",\"description\":\" CPTS Drac\u00e9nie Provence Verdon\",\"publisher\":{\"@id\":\"https:\\\/\\\/cptsdracenie.fr\\\/#organization\"},\"potentialAction\":[{\"@type\":\"SearchAction\",\"target\":{\"@type\":\"EntryPoint\",\"urlTemplate\":\"https:\\\/\\\/cptsdracenie.fr\\\/?s={search_term_string}\"},\"query-input\":{\"@type\":\"PropertyValueSpecification\",\"valueRequired\":true,\"valueName\":\"search_term_string\"}}],\"inLanguage\":\"fr-FR\"},{\"@type\":\"Organization\",\"@id\":\"https:\\\/\\\/cptsdracenie.fr\\\/#organization\",\"name\":\"CPTS Drac\u00e9nie-Provence-Verdon\",\"url\":\"https:\\\/\\\/cptsdracenie.fr\\\/\",\"logo\":{\"@type\":\"ImageObject\",\"inLanguage\":\"fr-FR\",\"@id\":\"https:\\\/\\\/cptsdracenie.fr\\\/#\\\/schema\\\/logo\\\/image\\\/\",\"url\":\"https:\\\/\\\/cptsdracenie.fr\\\/wp-content\\\/uploads\\\/2020\\\/01\\\/CPTS-version-2-blanc.png\",\"contentUrl\":\"https:\\\/\\\/cptsdracenie.fr\\\/wp-content\\\/uploads\\\/2020\\\/01\\\/CPTS-version-2-blanc.png\",\"width\":200,\"height\":200,\"caption\":\"CPTS Drac\u00e9nie-Provence-Verdon\"},\"image\":{\"@id\":\"https:\\\/\\\/cptsdracenie.fr\\\/#\\\/schema\\\/logo\\\/image\\\/\"},\"sameAs\":[\"https:\\\/\\\/www.facebook.com\\\/CPTSDPV\\\/\",\"https:\\\/\\\/www.linkedin.com\\\/company\\\/cpts-drac\u00e9nie-provence-verdon\\\/\"]},{\"@type\":\"Person\",\"@id\":\"https:\\\/\\\/cptsdracenie.fr\\\/#\\\/schema\\\/person\\\/6ab30c4d52a86c9cefe30efbf0957b79\",\"name\":\"Cindy PUGLIESE\",\"image\":{\"@type\":\"ImageObject\",\"inLanguage\":\"fr-FR\",\"@id\":\"https:\\\/\\\/secure.gravatar.com\\\/avatar\\\/01509fa68b246672ee57d95dd5d45b65fa93f9ec2f4b51a761dc8b19023db7f5?s=96&d=mm&r=g\",\"url\":\"https:\\\/\\\/secure.gravatar.com\\\/avatar\\\/01509fa68b246672ee57d95dd5d45b65fa93f9ec2f4b51a761dc8b19023db7f5?s=96&d=mm&r=g\",\"contentUrl\":\"https:\\\/\\\/secure.gravatar.com\\\/avatar\\\/01509fa68b246672ee57d95dd5d45b65fa93f9ec2f4b51a761dc8b19023db7f5?s=96&d=mm&r=g\",\"caption\":\"Cindy PUGLIESE\"},\"url\":\"https:\\\/\\\/cptsdracenie.fr\\\/index.php\\\/author\\\/cindy-pugliese\\\/\"}]}<\/script>\n<!-- \/ Yoast SEO plugin. -->","yoast_head_json":{"title":"Communiqu\u00e9 de presse journ\u00e9e des nouveaux m\u00e9tier 2 avril 2026 &#8211; Communaut\u00e9 Professionnelle Territoriale de Sant\u00e9 Drac\u00e9nie Provence Verdon","description":"Cap sur les m\u00e9tiers de demain : une journ\u00e9e territoriale consacr\u00e9e aux nouveaux m\u00e9tiers du sanitaire et du m\u00e9dico-social","robots":{"index":"index","follow":"follow","max-snippet":"max-snippet:-1","max-image-preview":"max-image-preview:large","max-video-preview":"max-video-preview:-1"},"canonical":"https:\/\/cptsdracenie.fr\/index.php\/2026\/03\/09\/communique-de-presse-journee-des-nouveaux-metier-2-avril-2026\/","og_locale":"fr_FR","og_type":"article","og_title":"Communiqu\u00e9 de presse journ\u00e9e des nouveaux m\u00e9tier 2 avril 2026 &#8211; Communaut\u00e9 Professionnelle Territoriale de Sant\u00e9 Drac\u00e9nie Provence Verdon","og_description":"Cap sur les m\u00e9tiers de demain : une journ\u00e9e territoriale consacr\u00e9e aux nouveaux m\u00e9tiers du sanitaire et du m\u00e9dico-social","og_url":"https:\/\/cptsdracenie.fr\/index.php\/2026\/03\/09\/communique-de-presse-journee-des-nouveaux-metier-2-avril-2026\/","og_site_name":"Communaut\u00e9 Professionnelle Territoriale de Sant\u00e9 Drac\u00e9nie Provence Verdon","article_publisher":"https:\/\/www.facebook.com\/CPTSDPV\/","article_published_time":"2026-03-09T08:59:10+00:00","article_modified_time":"2026-03-09T09:14:25+00:00","og_image":[{"width":1920,"height":2560,"url":"https:\/\/cptsdracenie.fr\/wp-content\/uploads\/2026\/03\/Flyer-Metier-2026_QR-code-scaled.jpg","type":"image\/jpeg"}],"author":"Cindy PUGLIESE","twitter_card":"summary_large_image","twitter_misc":{"\u00c9crit par":"Cindy PUGLIESE","Dur\u00e9e de lecture estim\u00e9e":"3 minutes"},"schema":{"@context":"https:\/\/schema.org","@graph":[{"@type":"Article","@id":"https:\/\/cptsdracenie.fr\/index.php\/2026\/03\/09\/communique-de-presse-journee-des-nouveaux-metier-2-avril-2026\/#article","isPartOf":{"@id":"https:\/\/cptsdracenie.fr\/index.php\/2026\/03\/09\/communique-de-presse-journee-des-nouveaux-metier-2-avril-2026\/"},"author":{"name":"Cindy PUGLIESE","@id":"https:\/\/cptsdracenie.fr\/#\/schema\/person\/6ab30c4d52a86c9cefe30efbf0957b79"},"headline":"Communiqu\u00e9 de presse journ\u00e9e des nouveaux m\u00e9tier 2 avril 2026","datePublished":"2026-03-09T08:59:10+00:00","dateModified":"2026-03-09T09:14:25+00:00","mainEntityOfPage":{"@id":"https:\/\/cptsdracenie.fr\/index.php\/2026\/03\/09\/communique-de-presse-journee-des-nouveaux-metier-2-avril-2026\/"},"wordCount":470,"publisher":{"@id":"https:\/\/cptsdracenie.fr\/#organization"},"image":{"@id":"https:\/\/cptsdracenie.fr\/index.php\/2026\/03\/09\/communique-de-presse-journee-des-nouveaux-metier-2-avril-2026\/#primaryimage"},"thumbnailUrl":"https:\/\/cptsdracenie.fr\/wp-content\/uploads\/2026\/03\/Flyer-Metier-2026_QR-code-scaled.jpg","articleSection":["Informations g\u00e9n\u00e9rale"],"inLanguage":"fr-FR"},{"@type":"WebPage","@id":"https:\/\/cptsdracenie.fr\/index.php\/2026\/03\/09\/communique-de-presse-journee-des-nouveaux-metier-2-avril-2026\/","url":"https:\/\/cptsdracenie.fr\/index.php\/2026\/03\/09\/communique-de-presse-journee-des-nouveaux-metier-2-avril-2026\/","name":"Communiqu\u00e9 de presse journ\u00e9e des nouveaux m\u00e9tier 2 avril 2026 &#8211; Communaut\u00e9 Professionnelle Territoriale de Sant\u00e9 Drac\u00e9nie Provence Verdon","isPartOf":{"@id":"https:\/\/cptsdracenie.fr\/#website"},"primaryImageOfPage":{"@id":"https:\/\/cptsdracenie.fr\/index.php\/2026\/03\/09\/communique-de-presse-journee-des-nouveaux-metier-2-avril-2026\/#primaryimage"},"image":{"@id":"https:\/\/cptsdracenie.fr\/index.php\/2026\/03\/09\/communique-de-presse-journee-des-nouveaux-metier-2-avril-2026\/#primaryimage"},"thumbnailUrl":"https:\/\/cptsdracenie.fr\/wp-content\/uploads\/2026\/03\/Flyer-Metier-2026_QR-code-scaled.jpg","datePublished":"2026-03-09T08:59:10+00:00","dateModified":"2026-03-09T09:14:25+00:00","description":"Cap sur les m\u00e9tiers de demain : une journ\u00e9e territoriale consacr\u00e9e aux nouveaux m\u00e9tiers du sanitaire et du m\u00e9dico-social","breadcrumb":{"@id":"https:\/\/cptsdracenie.fr\/index.php\/2026\/03\/09\/communique-de-presse-journee-des-nouveaux-metier-2-avril-2026\/#breadcrumb"},"inLanguage":"fr-FR","potentialAction":[{"@type":"ReadAction","target":["https:\/\/cptsdracenie.fr\/index.php\/2026\/03\/09\/communique-de-presse-journee-des-nouveaux-metier-2-avril-2026\/"]}]},{"@type":"ImageObject","inLanguage":"fr-FR","@id":"https:\/\/cptsdracenie.fr\/index.php\/2026\/03\/09\/communique-de-presse-journee-des-nouveaux-metier-2-avril-2026\/#primaryimage","url":"https:\/\/cptsdracenie.fr\/wp-content\/uploads\/2026\/03\/Flyer-Metier-2026_QR-code-scaled.jpg","contentUrl":"https:\/\/cptsdracenie.fr\/wp-content\/uploads\/2026\/03\/Flyer-Metier-2026_QR-code-scaled.jpg","width":1920,"height":2560},{"@type":"BreadcrumbList","@id":"https:\/\/cptsdracenie.fr\/index.php\/2026\/03\/09\/communique-de-presse-journee-des-nouveaux-metier-2-avril-2026\/#breadcrumb","itemListElement":[{"@type":"ListItem","position":1,"name":"Accueil","item":"https:\/\/cptsdracenie.fr\/"},{"@type":"ListItem","position":2,"name":"Communiqu\u00e9 de presse journ\u00e9e des nouveaux m\u00e9tier 2 avril 2026"}]},{"@type":"WebSite","@id":"https:\/\/cptsdracenie.fr\/#website","url":"https:\/\/cptsdracenie.fr\/","name":"CPTS DPV","description":" CPTS Drac\u00e9nie Provence Verdon","publisher":{"@id":"https:\/\/cptsdracenie.fr\/#organization"},"potentialAction":[{"@type":"SearchAction","target":{"@type":"EntryPoint","urlTemplate":"https:\/\/cptsdracenie.fr\/?s={search_term_string}"},"query-input":{"@type":"PropertyValueSpecification","valueRequired":true,"valueName":"search_term_string"}}],"inLanguage":"fr-FR"},{"@type":"Organization","@id":"https:\/\/cptsdracenie.fr\/#organization","name":"CPTS Drac\u00e9nie-Provence-Verdon","url":"https:\/\/cptsdracenie.fr\/","logo":{"@type":"ImageObject","inLanguage":"fr-FR","@id":"https:\/\/cptsdracenie.fr\/#\/schema\/logo\/image\/","url":"https:\/\/cptsdracenie.fr\/wp-content\/uploads\/2020\/01\/CPTS-version-2-blanc.png","contentUrl":"https:\/\/cptsdracenie.fr\/wp-content\/uploads\/2020\/01\/CPTS-version-2-blanc.png","width":200,"height":200,"caption":"CPTS Drac\u00e9nie-Provence-Verdon"},"image":{"@id":"https:\/\/cptsdracenie.fr\/#\/schema\/logo\/image\/"},"sameAs":["https:\/\/www.facebook.com\/CPTSDPV\/","https:\/\/www.linkedin.com\/company\/cpts-drac\u00e9nie-provence-verdon\/"]},{"@type":"Person","@id":"https:\/\/cptsdracenie.fr\/#\/schema\/person\/6ab30c4d52a86c9cefe30efbf0957b79","name":"Cindy PUGLIESE","image":{"@type":"ImageObject","inLanguage":"fr-FR","@id":"https:\/\/secure.gravatar.com\/avatar\/01509fa68b246672ee57d95dd5d45b65fa93f9ec2f4b51a761dc8b19023db7f5?s=96&d=mm&r=g","url":"https:\/\/secure.gravatar.com\/avatar\/01509fa68b246672ee57d95dd5d45b65fa93f9ec2f4b51a761dc8b19023db7f5?s=96&d=mm&r=g","contentUrl":"https:\/\/secure.gravatar.com\/avatar\/01509fa68b246672ee57d95dd5d45b65fa93f9ec2f4b51a761dc8b19023db7f5?s=96&d=mm&r=g","caption":"Cindy PUGLIESE"},"url":"https:\/\/cptsdracenie.fr\/index.php\/author\/cindy-pugliese\/"}]}},"_links":{"self":[{"href":"https:\/\/cptsdracenie.fr\/index.php\/wp-json\/wp\/v2\/posts\/19003","targetHints":{"allow":["GET"]}}],"collection":[{"href":"https:\/\/cptsdracenie.fr\/index.php\/wp-json\/wp\/v2\/posts"}],"about":[{"href":"https:\/\/cptsdracenie.fr\/index.php\/wp-json\/wp\/v2\/types\/post"}],"author":[{"embeddable":true,"href":"https:\/\/cptsdracenie.fr\/index.php\/wp-json\/wp\/v2\/users\/4"}],"replies":[{"embeddable":true,"href":"https:\/\/cptsdracenie.fr\/index.php\/wp-json\/wp\/v2\/comments?post=19003"}],"version-history":[{"count":4,"href":"https:\/\/cptsdracenie.fr\/index.php\/wp-json\/wp\/v2\/posts\/19003\/revisions"}],"predecessor-version":[{"id":19011,"href":"https:\/\/cptsdracenie.fr\/index.php\/wp-json\/wp\/v2\/posts\/19003\/revisions\/19011"}],"wp:featuredmedia":[{"embeddable":true,"href":"https:\/\/cptsdracenie.fr\/index.php\/wp-json\/wp\/v2\/media\/19006"}],"wp:attachment":[{"href":"https:\/\/cptsdracenie.fr\/index.php\/wp-json\/wp\/v2\/media?parent=19003"}],"wp:term":[{"taxonomy":"category","embeddable":true,"href":"https:\/\/cptsdracenie.fr\/index.php\/wp-json\/wp\/v2\/categories?post=19003"},{"taxonomy":"post_tag","embeddable":true,"href":"https:\/\/cptsdracenie.fr\/index.php\/wp-json\/wp\/v2\/tags?post=19003"}],"curies":[{"name":"wp","href":"https:\/\/api.w.org\/{rel}","templated":true}]}}