{"id":6622,"date":"2022-12-14T11:04:22","date_gmt":"2022-12-14T10:04:22","guid":{"rendered":"https:\/\/cptsdracenie.fr\/?p=6622"},"modified":"2022-12-14T11:11:44","modified_gmt":"2022-12-14T10:11:44","slug":"epidemie-de-grippe-et-personnes-a-risque","status":"publish","type":"post","link":"https:\/\/cptsdracenie.fr\/index.php\/2022\/12\/14\/epidemie-de-grippe-et-personnes-a-risque\/","title":{"rendered":"Epid\u00e9mie de grippe et personnes \u00e0 risque"},"content":{"rendered":"\n<p class=\"has-colibri-color-6-color has-text-color\">L&rsquo;\u00e9pid\u00e9mie de la grippe est en nette augmentation. <\/p>\n\n\n\n<p class=\"has-colibri-color-6-color has-text-color\">En effet, notre r\u00e9gion fait d\u00e9sormais partie des neuf r\u00e9gions class\u00e9es en phase \u00e9pid\u00e9mique, avec notamment <strong>une hausse de<\/strong> <strong>39% des consultations pour un syndrome grippal<\/strong>, en une semaine.<\/p>\n\n\n<div class=\"wp-block-image\">\n<figure class=\"aligncenter size-full\"><img loading=\"lazy\" decoding=\"async\" width=\"560\" height=\"425\" src=\"https:\/\/cptsdracenie.fr\/wp-content\/uploads\/2022\/12\/grippe-france.jpg\" alt=\"\" class=\"wp-image-6623\" srcset=\"https:\/\/cptsdracenie.fr\/wp-content\/uploads\/2022\/12\/grippe-france.jpg 560w, https:\/\/cptsdracenie.fr\/wp-content\/uploads\/2022\/12\/grippe-france-300x228.jpg 300w\" sizes=\"auto, (max-width: 560px) 100vw, 560px\" \/><\/figure>\n<\/div>\n\n\n<p class=\"has-text-align-center has-small-font-size\">Source : <a href=\"https:\/\/www.santepubliquefrance.fr\/maladies-et-traumatismes\/maladies-et-infections-respiratoires\/grippe\/documents\/bulletin-national\/bulletin-epidemiologique-grippe-semaine-48.-saison-2022-2023\"><em>https:\/\/www.santepubliquefrance.fr\/maladies-et-traumatismes\/maladies-et-infections-respiratoires\/grippe\/documents\/bulletin-national\/bulletin-epidemiologique-grippe-semaine-48.-saison-2022-2023<\/em><\/a><\/p>\n\n\n\n<p class=\"has-text-align-center has-text-color has-medium-font-size\" style=\"color:#b01f1f\"><strong>La vaccination contre la grippe est largement pr\u00e9conis\u00e9e pour les personnes \u00e0 risque (65 ans et plus, avec une maladie chronique).<\/strong><\/p>\n\n\n\n<p>Pour vous faire vacciner, rien de plus simple : rendez vous dans la pharmacie la plus proche ou, parlez en \u00e0 votre m\u00e9decin ou autre professionnel de sant\u00e9.<\/p>\n","protected":false},"excerpt":{"rendered":"<p>L&rsquo;\u00e9pid\u00e9mie de la grippe est en nette augmentation. En effet, notre r\u00e9gion fait d\u00e9sormais partie des neuf r\u00e9gions class\u00e9es en phase \u00e9pid\u00e9mique, avec notamment une hausse de 39% des consultations pour un syndrome grippal, en une semaine. Source : https:\/\/www.santepubliquefrance.fr\/maladies-et-traumatismes\/maladies-et-infections-respiratoires\/grippe\/documents\/bulletin-national\/bulletin-epidemiologique-grippe-semaine-48.-saison-2022-2023 La vaccination contre la grippe est largement pr\u00e9conis\u00e9e pour les personnes \u00e0 risque (65 ans [&hellip;]<\/p>\n","protected":false},"author":1,"featured_media":6623,"comment_status":"closed","ping_status":"closed","sticky":false,"template":"","format":"standard","meta":{"footnotes":""},"categories":[24],"tags":[],"class_list":["post-6622","post","type-post","status-publish","format-standard","has-post-thumbnail","hentry","category-gt-prevention"],"yoast_head":"<!-- This site is optimized with the Yoast SEO plugin v27.4 - https:\/\/yoast.com\/product\/yoast-seo-wordpress\/ -->\n<title>Epid\u00e9mie de grippe et personnes \u00e0 risque &#8211; Communaut\u00e9 Professionnelle Territoriale de Sant\u00e9 Drac\u00e9nie Provence Verdon<\/title>\n<meta name=\"description\" content=\"Notre r\u00e9gion est d\u00e9sormais en phase \u00e9pid\u00e9mique. Il est donc pr\u00e9conis\u00e9 aux personnes \u00e0 risque de se faire vacciner contre la grippe !\" \/>\n<meta name=\"robots\" content=\"index, follow, max-snippet:-1, max-image-preview:large, max-video-preview:-1\" \/>\n<link rel=\"canonical\" href=\"https:\/\/cptsdracenie.fr\/index.php\/2022\/12\/14\/epidemie-de-grippe-et-personnes-a-risque\/\" \/>\n<meta property=\"og:locale\" content=\"fr_FR\" \/>\n<meta property=\"og:type\" content=\"article\" \/>\n<meta property=\"og:title\" content=\"Epid\u00e9mie de grippe et personnes \u00e0 risque &#8211; Communaut\u00e9 Professionnelle Territoriale de Sant\u00e9 Drac\u00e9nie Provence Verdon\" \/>\n<meta property=\"og:description\" content=\"Notre r\u00e9gion est d\u00e9sormais en phase \u00e9pid\u00e9mique. Il est donc pr\u00e9conis\u00e9 aux personnes \u00e0 risque de se faire vacciner contre la grippe !\" \/>\n<meta property=\"og:url\" content=\"https:\/\/cptsdracenie.fr\/index.php\/2022\/12\/14\/epidemie-de-grippe-et-personnes-a-risque\/\" \/>\n<meta property=\"og:site_name\" content=\"Communaut\u00e9 Professionnelle Territoriale de Sant\u00e9 Drac\u00e9nie Provence Verdon\" \/>\n<meta property=\"article:publisher\" content=\"https:\/\/www.facebook.com\/CPTSDPV\/\" \/>\n<meta property=\"article:published_time\" content=\"2022-12-14T10:04:22+00:00\" \/>\n<meta property=\"article:modified_time\" content=\"2022-12-14T10:11:44+00:00\" \/>\n<meta property=\"og:image\" content=\"https:\/\/cptsdracenie.fr\/wp-content\/uploads\/2022\/12\/grippe-france.jpg\" \/>\n\t<meta property=\"og:image:width\" content=\"560\" \/>\n\t<meta property=\"og:image:height\" content=\"425\" \/>\n\t<meta property=\"og:image:type\" content=\"image\/jpeg\" \/>\n<meta name=\"author\" content=\"admin3616\" \/>\n<meta name=\"twitter:card\" content=\"summary_large_image\" \/>\n<meta name=\"twitter:label1\" content=\"\u00c9crit par\" \/>\n\t<meta name=\"twitter:data1\" content=\"admin3616\" \/>\n\t<meta name=\"twitter:label2\" content=\"Dur\u00e9e de lecture estim\u00e9e\" \/>\n\t<meta name=\"twitter:data2\" content=\"1 minute\" \/>\n<script type=\"application\/ld+json\" class=\"yoast-schema-graph\">{\"@context\":\"https:\\\/\\\/schema.org\",\"@graph\":[{\"@type\":\"Article\",\"@id\":\"https:\\\/\\\/cptsdracenie.fr\\\/index.php\\\/2022\\\/12\\\/14\\\/epidemie-de-grippe-et-personnes-a-risque\\\/#article\",\"isPartOf\":{\"@id\":\"https:\\\/\\\/cptsdracenie.fr\\\/index.php\\\/2022\\\/12\\\/14\\\/epidemie-de-grippe-et-personnes-a-risque\\\/\"},\"author\":{\"name\":\"admin3616\",\"@id\":\"https:\\\/\\\/cptsdracenie.fr\\\/#\\\/schema\\\/person\\\/5e8dad6c13b12c27c2c19a8e30ad1033\"},\"headline\":\"Epid\u00e9mie de grippe et personnes \u00e0 risque\",\"datePublished\":\"2022-12-14T10:04:22+00:00\",\"dateModified\":\"2022-12-14T10:11:44+00:00\",\"mainEntityOfPage\":{\"@id\":\"https:\\\/\\\/cptsdracenie.fr\\\/index.php\\\/2022\\\/12\\\/14\\\/epidemie-de-grippe-et-personnes-a-risque\\\/\"},\"wordCount\":111,\"publisher\":{\"@id\":\"https:\\\/\\\/cptsdracenie.fr\\\/#organization\"},\"image\":{\"@id\":\"https:\\\/\\\/cptsdracenie.fr\\\/index.php\\\/2022\\\/12\\\/14\\\/epidemie-de-grippe-et-personnes-a-risque\\\/#primaryimage\"},\"thumbnailUrl\":\"https:\\\/\\\/cptsdracenie.fr\\\/wp-content\\\/uploads\\\/2022\\\/12\\\/grippe-france.jpg\",\"articleSection\":[\"Pr\u00e9vention\"],\"inLanguage\":\"fr-FR\"},{\"@type\":\"WebPage\",\"@id\":\"https:\\\/\\\/cptsdracenie.fr\\\/index.php\\\/2022\\\/12\\\/14\\\/epidemie-de-grippe-et-personnes-a-risque\\\/\",\"url\":\"https:\\\/\\\/cptsdracenie.fr\\\/index.php\\\/2022\\\/12\\\/14\\\/epidemie-de-grippe-et-personnes-a-risque\\\/\",\"name\":\"Epid\u00e9mie de grippe et personnes \u00e0 risque &#8211; Communaut\u00e9 Professionnelle Territoriale de Sant\u00e9 Drac\u00e9nie Provence Verdon\",\"isPartOf\":{\"@id\":\"https:\\\/\\\/cptsdracenie.fr\\\/#website\"},\"primaryImageOfPage\":{\"@id\":\"https:\\\/\\\/cptsdracenie.fr\\\/index.php\\\/2022\\\/12\\\/14\\\/epidemie-de-grippe-et-personnes-a-risque\\\/#primaryimage\"},\"image\":{\"@id\":\"https:\\\/\\\/cptsdracenie.fr\\\/index.php\\\/2022\\\/12\\\/14\\\/epidemie-de-grippe-et-personnes-a-risque\\\/#primaryimage\"},\"thumbnailUrl\":\"https:\\\/\\\/cptsdracenie.fr\\\/wp-content\\\/uploads\\\/2022\\\/12\\\/grippe-france.jpg\",\"datePublished\":\"2022-12-14T10:04:22+00:00\",\"dateModified\":\"2022-12-14T10:11:44+00:00\",\"description\":\"Notre r\u00e9gion est d\u00e9sormais en phase \u00e9pid\u00e9mique. Il est donc pr\u00e9conis\u00e9 aux personnes \u00e0 risque de se faire vacciner contre la grippe !\",\"breadcrumb\":{\"@id\":\"https:\\\/\\\/cptsdracenie.fr\\\/index.php\\\/2022\\\/12\\\/14\\\/epidemie-de-grippe-et-personnes-a-risque\\\/#breadcrumb\"},\"inLanguage\":\"fr-FR\",\"potentialAction\":[{\"@type\":\"ReadAction\",\"target\":[\"https:\\\/\\\/cptsdracenie.fr\\\/index.php\\\/2022\\\/12\\\/14\\\/epidemie-de-grippe-et-personnes-a-risque\\\/\"]}]},{\"@type\":\"ImageObject\",\"inLanguage\":\"fr-FR\",\"@id\":\"https:\\\/\\\/cptsdracenie.fr\\\/index.php\\\/2022\\\/12\\\/14\\\/epidemie-de-grippe-et-personnes-a-risque\\\/#primaryimage\",\"url\":\"https:\\\/\\\/cptsdracenie.fr\\\/wp-content\\\/uploads\\\/2022\\\/12\\\/grippe-france.jpg\",\"contentUrl\":\"https:\\\/\\\/cptsdracenie.fr\\\/wp-content\\\/uploads\\\/2022\\\/12\\\/grippe-france.jpg\",\"width\":560,\"height\":425},{\"@type\":\"BreadcrumbList\",\"@id\":\"https:\\\/\\\/cptsdracenie.fr\\\/index.php\\\/2022\\\/12\\\/14\\\/epidemie-de-grippe-et-personnes-a-risque\\\/#breadcrumb\",\"itemListElement\":[{\"@type\":\"ListItem\",\"position\":1,\"name\":\"Accueil\",\"item\":\"https:\\\/\\\/cptsdracenie.fr\\\/\"},{\"@type\":\"ListItem\",\"position\":2,\"name\":\"Epid\u00e9mie de grippe et personnes \u00e0 risque\"}]},{\"@type\":\"WebSite\",\"@id\":\"https:\\\/\\\/cptsdracenie.fr\\\/#website\",\"url\":\"https:\\\/\\\/cptsdracenie.fr\\\/\",\"name\":\"CPTS DPV\",\"description\":\" CPTS Drac\u00e9nie Provence Verdon\",\"publisher\":{\"@id\":\"https:\\\/\\\/cptsdracenie.fr\\\/#organization\"},\"potentialAction\":[{\"@type\":\"SearchAction\",\"target\":{\"@type\":\"EntryPoint\",\"urlTemplate\":\"https:\\\/\\\/cptsdracenie.fr\\\/?s={search_term_string}\"},\"query-input\":{\"@type\":\"PropertyValueSpecification\",\"valueRequired\":true,\"valueName\":\"search_term_string\"}}],\"inLanguage\":\"fr-FR\"},{\"@type\":\"Organization\",\"@id\":\"https:\\\/\\\/cptsdracenie.fr\\\/#organization\",\"name\":\"CPTS Drac\u00e9nie-Provence-Verdon\",\"url\":\"https:\\\/\\\/cptsdracenie.fr\\\/\",\"logo\":{\"@type\":\"ImageObject\",\"inLanguage\":\"fr-FR\",\"@id\":\"https:\\\/\\\/cptsdracenie.fr\\\/#\\\/schema\\\/logo\\\/image\\\/\",\"url\":\"https:\\\/\\\/cptsdracenie.fr\\\/wp-content\\\/uploads\\\/2020\\\/01\\\/CPTS-version-2-blanc.png\",\"contentUrl\":\"https:\\\/\\\/cptsdracenie.fr\\\/wp-content\\\/uploads\\\/2020\\\/01\\\/CPTS-version-2-blanc.png\",\"width\":200,\"height\":200,\"caption\":\"CPTS Drac\u00e9nie-Provence-Verdon\"},\"image\":{\"@id\":\"https:\\\/\\\/cptsdracenie.fr\\\/#\\\/schema\\\/logo\\\/image\\\/\"},\"sameAs\":[\"https:\\\/\\\/www.facebook.com\\\/CPTSDPV\\\/\",\"https:\\\/\\\/www.linkedin.com\\\/company\\\/cpts-drac\u00e9nie-provence-verdon\\\/\"]},{\"@type\":\"Person\",\"@id\":\"https:\\\/\\\/cptsdracenie.fr\\\/#\\\/schema\\\/person\\\/5e8dad6c13b12c27c2c19a8e30ad1033\",\"name\":\"admin3616\",\"image\":{\"@type\":\"ImageObject\",\"inLanguage\":\"fr-FR\",\"@id\":\"https:\\\/\\\/secure.gravatar.com\\\/avatar\\\/f8b04cb7d4761647a9b275540c35d016b876dd8b19911751d862cb3a24a19aaf?s=96&d=mm&r=g\",\"url\":\"https:\\\/\\\/secure.gravatar.com\\\/avatar\\\/f8b04cb7d4761647a9b275540c35d016b876dd8b19911751d862cb3a24a19aaf?s=96&d=mm&r=g\",\"contentUrl\":\"https:\\\/\\\/secure.gravatar.com\\\/avatar\\\/f8b04cb7d4761647a9b275540c35d016b876dd8b19911751d862cb3a24a19aaf?s=96&d=mm&r=g\",\"caption\":\"admin3616\"},\"url\":\"https:\\\/\\\/cptsdracenie.fr\\\/index.php\\\/author\\\/admin3616\\\/\"}]}<\/script>\n<!-- \/ Yoast SEO plugin. -->","yoast_head_json":{"title":"Epid\u00e9mie de grippe et personnes \u00e0 risque &#8211; Communaut\u00e9 Professionnelle Territoriale de Sant\u00e9 Drac\u00e9nie Provence Verdon","description":"Notre r\u00e9gion est d\u00e9sormais en phase \u00e9pid\u00e9mique. Il est donc pr\u00e9conis\u00e9 aux personnes \u00e0 risque de se faire vacciner contre la grippe !","robots":{"index":"index","follow":"follow","max-snippet":"max-snippet:-1","max-image-preview":"max-image-preview:large","max-video-preview":"max-video-preview:-1"},"canonical":"https:\/\/cptsdracenie.fr\/index.php\/2022\/12\/14\/epidemie-de-grippe-et-personnes-a-risque\/","og_locale":"fr_FR","og_type":"article","og_title":"Epid\u00e9mie de grippe et personnes \u00e0 risque &#8211; Communaut\u00e9 Professionnelle Territoriale de Sant\u00e9 Drac\u00e9nie Provence Verdon","og_description":"Notre r\u00e9gion est d\u00e9sormais en phase \u00e9pid\u00e9mique. Il est donc pr\u00e9conis\u00e9 aux personnes \u00e0 risque de se faire vacciner contre la grippe !","og_url":"https:\/\/cptsdracenie.fr\/index.php\/2022\/12\/14\/epidemie-de-grippe-et-personnes-a-risque\/","og_site_name":"Communaut\u00e9 Professionnelle Territoriale de Sant\u00e9 Drac\u00e9nie Provence Verdon","article_publisher":"https:\/\/www.facebook.com\/CPTSDPV\/","article_published_time":"2022-12-14T10:04:22+00:00","article_modified_time":"2022-12-14T10:11:44+00:00","og_image":[{"width":560,"height":425,"url":"https:\/\/cptsdracenie.fr\/wp-content\/uploads\/2022\/12\/grippe-france.jpg","type":"image\/jpeg"}],"author":"admin3616","twitter_card":"summary_large_image","twitter_misc":{"\u00c9crit par":"admin3616","Dur\u00e9e de lecture estim\u00e9e":"1 minute"},"schema":{"@context":"https:\/\/schema.org","@graph":[{"@type":"Article","@id":"https:\/\/cptsdracenie.fr\/index.php\/2022\/12\/14\/epidemie-de-grippe-et-personnes-a-risque\/#article","isPartOf":{"@id":"https:\/\/cptsdracenie.fr\/index.php\/2022\/12\/14\/epidemie-de-grippe-et-personnes-a-risque\/"},"author":{"name":"admin3616","@id":"https:\/\/cptsdracenie.fr\/#\/schema\/person\/5e8dad6c13b12c27c2c19a8e30ad1033"},"headline":"Epid\u00e9mie de grippe et personnes \u00e0 risque","datePublished":"2022-12-14T10:04:22+00:00","dateModified":"2022-12-14T10:11:44+00:00","mainEntityOfPage":{"@id":"https:\/\/cptsdracenie.fr\/index.php\/2022\/12\/14\/epidemie-de-grippe-et-personnes-a-risque\/"},"wordCount":111,"publisher":{"@id":"https:\/\/cptsdracenie.fr\/#organization"},"image":{"@id":"https:\/\/cptsdracenie.fr\/index.php\/2022\/12\/14\/epidemie-de-grippe-et-personnes-a-risque\/#primaryimage"},"thumbnailUrl":"https:\/\/cptsdracenie.fr\/wp-content\/uploads\/2022\/12\/grippe-france.jpg","articleSection":["Pr\u00e9vention"],"inLanguage":"fr-FR"},{"@type":"WebPage","@id":"https:\/\/cptsdracenie.fr\/index.php\/2022\/12\/14\/epidemie-de-grippe-et-personnes-a-risque\/","url":"https:\/\/cptsdracenie.fr\/index.php\/2022\/12\/14\/epidemie-de-grippe-et-personnes-a-risque\/","name":"Epid\u00e9mie de grippe et personnes \u00e0 risque &#8211; Communaut\u00e9 Professionnelle Territoriale de Sant\u00e9 Drac\u00e9nie Provence Verdon","isPartOf":{"@id":"https:\/\/cptsdracenie.fr\/#website"},"primaryImageOfPage":{"@id":"https:\/\/cptsdracenie.fr\/index.php\/2022\/12\/14\/epidemie-de-grippe-et-personnes-a-risque\/#primaryimage"},"image":{"@id":"https:\/\/cptsdracenie.fr\/index.php\/2022\/12\/14\/epidemie-de-grippe-et-personnes-a-risque\/#primaryimage"},"thumbnailUrl":"https:\/\/cptsdracenie.fr\/wp-content\/uploads\/2022\/12\/grippe-france.jpg","datePublished":"2022-12-14T10:04:22+00:00","dateModified":"2022-12-14T10:11:44+00:00","description":"Notre r\u00e9gion est d\u00e9sormais en phase \u00e9pid\u00e9mique. Il est donc pr\u00e9conis\u00e9 aux personnes \u00e0 risque de se faire vacciner contre la grippe !","breadcrumb":{"@id":"https:\/\/cptsdracenie.fr\/index.php\/2022\/12\/14\/epidemie-de-grippe-et-personnes-a-risque\/#breadcrumb"},"inLanguage":"fr-FR","potentialAction":[{"@type":"ReadAction","target":["https:\/\/cptsdracenie.fr\/index.php\/2022\/12\/14\/epidemie-de-grippe-et-personnes-a-risque\/"]}]},{"@type":"ImageObject","inLanguage":"fr-FR","@id":"https:\/\/cptsdracenie.fr\/index.php\/2022\/12\/14\/epidemie-de-grippe-et-personnes-a-risque\/#primaryimage","url":"https:\/\/cptsdracenie.fr\/wp-content\/uploads\/2022\/12\/grippe-france.jpg","contentUrl":"https:\/\/cptsdracenie.fr\/wp-content\/uploads\/2022\/12\/grippe-france.jpg","width":560,"height":425},{"@type":"BreadcrumbList","@id":"https:\/\/cptsdracenie.fr\/index.php\/2022\/12\/14\/epidemie-de-grippe-et-personnes-a-risque\/#breadcrumb","itemListElement":[{"@type":"ListItem","position":1,"name":"Accueil","item":"https:\/\/cptsdracenie.fr\/"},{"@type":"ListItem","position":2,"name":"Epid\u00e9mie de grippe et personnes \u00e0 risque"}]},{"@type":"WebSite","@id":"https:\/\/cptsdracenie.fr\/#website","url":"https:\/\/cptsdracenie.fr\/","name":"CPTS DPV","description":" CPTS Drac\u00e9nie Provence Verdon","publisher":{"@id":"https:\/\/cptsdracenie.fr\/#organization"},"potentialAction":[{"@type":"SearchAction","target":{"@type":"EntryPoint","urlTemplate":"https:\/\/cptsdracenie.fr\/?s={search_term_string}"},"query-input":{"@type":"PropertyValueSpecification","valueRequired":true,"valueName":"search_term_string"}}],"inLanguage":"fr-FR"},{"@type":"Organization","@id":"https:\/\/cptsdracenie.fr\/#organization","name":"CPTS Drac\u00e9nie-Provence-Verdon","url":"https:\/\/cptsdracenie.fr\/","logo":{"@type":"ImageObject","inLanguage":"fr-FR","@id":"https:\/\/cptsdracenie.fr\/#\/schema\/logo\/image\/","url":"https:\/\/cptsdracenie.fr\/wp-content\/uploads\/2020\/01\/CPTS-version-2-blanc.png","contentUrl":"https:\/\/cptsdracenie.fr\/wp-content\/uploads\/2020\/01\/CPTS-version-2-blanc.png","width":200,"height":200,"caption":"CPTS Drac\u00e9nie-Provence-Verdon"},"image":{"@id":"https:\/\/cptsdracenie.fr\/#\/schema\/logo\/image\/"},"sameAs":["https:\/\/www.facebook.com\/CPTSDPV\/","https:\/\/www.linkedin.com\/company\/cpts-drac\u00e9nie-provence-verdon\/"]},{"@type":"Person","@id":"https:\/\/cptsdracenie.fr\/#\/schema\/person\/5e8dad6c13b12c27c2c19a8e30ad1033","name":"admin3616","image":{"@type":"ImageObject","inLanguage":"fr-FR","@id":"https:\/\/secure.gravatar.com\/avatar\/f8b04cb7d4761647a9b275540c35d016b876dd8b19911751d862cb3a24a19aaf?s=96&d=mm&r=g","url":"https:\/\/secure.gravatar.com\/avatar\/f8b04cb7d4761647a9b275540c35d016b876dd8b19911751d862cb3a24a19aaf?s=96&d=mm&r=g","contentUrl":"https:\/\/secure.gravatar.com\/avatar\/f8b04cb7d4761647a9b275540c35d016b876dd8b19911751d862cb3a24a19aaf?s=96&d=mm&r=g","caption":"admin3616"},"url":"https:\/\/cptsdracenie.fr\/index.php\/author\/admin3616\/"}]}},"_links":{"self":[{"href":"https:\/\/cptsdracenie.fr\/index.php\/wp-json\/wp\/v2\/posts\/6622","targetHints":{"allow":["GET"]}}],"collection":[{"href":"https:\/\/cptsdracenie.fr\/index.php\/wp-json\/wp\/v2\/posts"}],"about":[{"href":"https:\/\/cptsdracenie.fr\/index.php\/wp-json\/wp\/v2\/types\/post"}],"author":[{"embeddable":true,"href":"https:\/\/cptsdracenie.fr\/index.php\/wp-json\/wp\/v2\/users\/1"}],"replies":[{"embeddable":true,"href":"https:\/\/cptsdracenie.fr\/index.php\/wp-json\/wp\/v2\/comments?post=6622"}],"version-history":[{"count":7,"href":"https:\/\/cptsdracenie.fr\/index.php\/wp-json\/wp\/v2\/posts\/6622\/revisions"}],"predecessor-version":[{"id":6640,"href":"https:\/\/cptsdracenie.fr\/index.php\/wp-json\/wp\/v2\/posts\/6622\/revisions\/6640"}],"wp:featuredmedia":[{"embeddable":true,"href":"https:\/\/cptsdracenie.fr\/index.php\/wp-json\/wp\/v2\/media\/6623"}],"wp:attachment":[{"href":"https:\/\/cptsdracenie.fr\/index.php\/wp-json\/wp\/v2\/media?parent=6622"}],"wp:term":[{"taxonomy":"category","embeddable":true,"href":"https:\/\/cptsdracenie.fr\/index.php\/wp-json\/wp\/v2\/categories?post=6622"},{"taxonomy":"post_tag","embeddable":true,"href":"https:\/\/cptsdracenie.fr\/index.php\/wp-json\/wp\/v2\/tags?post=6622"}],"curies":[{"name":"wp","href":"https:\/\/api.w.org\/{rel}","templated":true}]}}