{"id":671,"date":"2020-06-15T10:00:22","date_gmt":"2020-06-15T08:00:22","guid":{"rendered":"https:\/\/cptsdracenie.fr\/?p=671"},"modified":"2020-12-08T10:19:20","modified_gmt":"2020-12-08T09:19:20","slug":"assemblee-generale-2020","status":"publish","type":"post","link":"https:\/\/cptsdracenie.fr\/index.php\/2020\/06\/15\/assemblee-generale-2020\/","title":{"rendered":"Assembl\u00e9e g\u00e9n\u00e9rale 2020"},"content":{"rendered":"\n<p>L&rsquo;association <strong>CPTS Drac\u00e9nie-Provence-Verdon<\/strong>, enregistr\u00e9e \u00e0 la Pr\u00e9fecture du Var sous le num\u00e9ro W831011037, tiendra son assembl\u00e9e g\u00e9n\u00e9rale le mardi 30 juin.<\/p>\n\n\n\n<p>Les membres \u00e0 jour de leur cotisation ont re\u00e7u leurs convocations afin de se prononcer<br>&#8211; <strong>AGO =<\/strong> bilan moral, approbation des comptes pour l&rsquo;ann\u00e9e \u00e9coul\u00e9e, budget pr\u00e9visionnel 2020<br>&#8211; <strong>AGE =<\/strong> adoption des nouveaux statuts<\/p>\n","protected":false},"excerpt":{"rendered":"<p>L&rsquo;association CPTS Drac\u00e9nie-Provence-Verdon, enregistr\u00e9e \u00e0 la Pr\u00e9fecture du Var sous le num\u00e9ro W831011037, tiendra son assembl\u00e9e g\u00e9n\u00e9rale le mardi 30 juin. Les membres \u00e0 jour de leur cotisation ont re\u00e7u leurs convocations afin de se prononcer&#8211; AGO = bilan moral, approbation des comptes pour l&rsquo;ann\u00e9e \u00e9coul\u00e9e, budget pr\u00e9visionnel 2020&#8211; AGE = adoption des nouveaux statuts<\/p>\n","protected":false},"author":2,"featured_media":0,"comment_status":"closed","ping_status":"closed","sticky":false,"template":"","format":"standard","meta":{"footnotes":""},"categories":[7],"tags":[],"class_list":["post-671","post","type-post","status-publish","format-standard","hentry","category-association"],"yoast_head":"<!-- This site is optimized with the Yoast SEO plugin v27.5 - https:\/\/yoast.com\/product\/yoast-seo-wordpress\/ -->\n<title>Assembl\u00e9e g\u00e9n\u00e9rale 2020 &#8211; Communaut\u00e9 Professionnelle Territoriale de Sant\u00e9 Drac\u00e9nie Provence Verdon<\/title>\n<meta name=\"description\" content=\"Convocation assembl\u00e9es g\u00e9n\u00e9rales association CPTS Drac\u00e9nie-Provence-Verdon\" \/>\n<meta name=\"robots\" content=\"index, follow, max-snippet:-1, max-image-preview:large, max-video-preview:-1\" \/>\n<link rel=\"canonical\" href=\"https:\/\/cptsdracenie.fr\/index.php\/2020\/06\/15\/assemblee-generale-2020\/\" \/>\n<meta property=\"og:locale\" content=\"fr_FR\" \/>\n<meta property=\"og:type\" content=\"article\" \/>\n<meta property=\"og:title\" content=\"Assembl\u00e9e g\u00e9n\u00e9rale 2020 &#8211; Communaut\u00e9 Professionnelle Territoriale de Sant\u00e9 Drac\u00e9nie Provence Verdon\" \/>\n<meta property=\"og:description\" content=\"Convocation assembl\u00e9es g\u00e9n\u00e9rales association CPTS Drac\u00e9nie-Provence-Verdon\" \/>\n<meta property=\"og:url\" content=\"https:\/\/cptsdracenie.fr\/index.php\/2020\/06\/15\/assemblee-generale-2020\/\" \/>\n<meta property=\"og:site_name\" content=\"Communaut\u00e9 Professionnelle Territoriale de Sant\u00e9 Drac\u00e9nie Provence Verdon\" \/>\n<meta property=\"article:publisher\" content=\"https:\/\/www.facebook.com\/CPTSDPV\/\" \/>\n<meta property=\"article:published_time\" content=\"2020-06-15T08:00:22+00:00\" \/>\n<meta property=\"article:modified_time\" content=\"2020-12-08T09:19:20+00:00\" \/>\n<meta property=\"og:image\" content=\"https:\/\/cptsdracenie.fr\/wp-content\/uploads\/2020\/12\/1595877100031-Logo-petit.jpg\" \/>\n\t<meta property=\"og:image:width\" content=\"200\" \/>\n\t<meta property=\"og:image:height\" content=\"200\" \/>\n\t<meta property=\"og:image:type\" content=\"image\/jpeg\" \/>\n<meta name=\"author\" content=\"Laurent SCHLEGEL\" \/>\n<meta name=\"twitter:card\" content=\"summary_large_image\" \/>\n<meta name=\"twitter:label1\" content=\"\u00c9crit par\" \/>\n\t<meta name=\"twitter:data1\" content=\"Laurent SCHLEGEL\" \/>\n<script type=\"application\/ld+json\" class=\"yoast-schema-graph\">{\"@context\":\"https:\\\/\\\/schema.org\",\"@graph\":[{\"@type\":\"Article\",\"@id\":\"https:\\\/\\\/cptsdracenie.fr\\\/index.php\\\/2020\\\/06\\\/15\\\/assemblee-generale-2020\\\/#article\",\"isPartOf\":{\"@id\":\"https:\\\/\\\/cptsdracenie.fr\\\/index.php\\\/2020\\\/06\\\/15\\\/assemblee-generale-2020\\\/\"},\"author\":{\"name\":\"Laurent SCHLEGEL\",\"@id\":\"https:\\\/\\\/cptsdracenie.fr\\\/#\\\/schema\\\/person\\\/27c1aa74dda94dd0b3dbf6b78e4018ac\"},\"headline\":\"Assembl\u00e9e g\u00e9n\u00e9rale 2020\",\"datePublished\":\"2020-06-15T08:00:22+00:00\",\"dateModified\":\"2020-12-08T09:19:20+00:00\",\"mainEntityOfPage\":{\"@id\":\"https:\\\/\\\/cptsdracenie.fr\\\/index.php\\\/2020\\\/06\\\/15\\\/assemblee-generale-2020\\\/\"},\"wordCount\":68,\"publisher\":{\"@id\":\"https:\\\/\\\/cptsdracenie.fr\\\/#organization\"},\"articleSection\":[\"Association\"],\"inLanguage\":\"fr-FR\"},{\"@type\":\"WebPage\",\"@id\":\"https:\\\/\\\/cptsdracenie.fr\\\/index.php\\\/2020\\\/06\\\/15\\\/assemblee-generale-2020\\\/\",\"url\":\"https:\\\/\\\/cptsdracenie.fr\\\/index.php\\\/2020\\\/06\\\/15\\\/assemblee-generale-2020\\\/\",\"name\":\"Assembl\u00e9e g\u00e9n\u00e9rale 2020 &#8211; Communaut\u00e9 Professionnelle Territoriale de Sant\u00e9 Drac\u00e9nie Provence Verdon\",\"isPartOf\":{\"@id\":\"https:\\\/\\\/cptsdracenie.fr\\\/#website\"},\"datePublished\":\"2020-06-15T08:00:22+00:00\",\"dateModified\":\"2020-12-08T09:19:20+00:00\",\"description\":\"Convocation assembl\u00e9es g\u00e9n\u00e9rales association CPTS Drac\u00e9nie-Provence-Verdon\",\"breadcrumb\":{\"@id\":\"https:\\\/\\\/cptsdracenie.fr\\\/index.php\\\/2020\\\/06\\\/15\\\/assemblee-generale-2020\\\/#breadcrumb\"},\"inLanguage\":\"fr-FR\",\"potentialAction\":[{\"@type\":\"ReadAction\",\"target\":[\"https:\\\/\\\/cptsdracenie.fr\\\/index.php\\\/2020\\\/06\\\/15\\\/assemblee-generale-2020\\\/\"]}]},{\"@type\":\"BreadcrumbList\",\"@id\":\"https:\\\/\\\/cptsdracenie.fr\\\/index.php\\\/2020\\\/06\\\/15\\\/assemblee-generale-2020\\\/#breadcrumb\",\"itemListElement\":[{\"@type\":\"ListItem\",\"position\":1,\"name\":\"Accueil\",\"item\":\"https:\\\/\\\/cptsdracenie.fr\\\/\"},{\"@type\":\"ListItem\",\"position\":2,\"name\":\"Assembl\u00e9e g\u00e9n\u00e9rale 2020\"}]},{\"@type\":\"WebSite\",\"@id\":\"https:\\\/\\\/cptsdracenie.fr\\\/#website\",\"url\":\"https:\\\/\\\/cptsdracenie.fr\\\/\",\"name\":\"CPTS DPV\",\"description\":\" CPTS Drac\u00e9nie Provence Verdon\",\"publisher\":{\"@id\":\"https:\\\/\\\/cptsdracenie.fr\\\/#organization\"},\"potentialAction\":[{\"@type\":\"SearchAction\",\"target\":{\"@type\":\"EntryPoint\",\"urlTemplate\":\"https:\\\/\\\/cptsdracenie.fr\\\/?s={search_term_string}\"},\"query-input\":{\"@type\":\"PropertyValueSpecification\",\"valueRequired\":true,\"valueName\":\"search_term_string\"}}],\"inLanguage\":\"fr-FR\"},{\"@type\":\"Organization\",\"@id\":\"https:\\\/\\\/cptsdracenie.fr\\\/#organization\",\"name\":\"CPTS Drac\u00e9nie-Provence-Verdon\",\"url\":\"https:\\\/\\\/cptsdracenie.fr\\\/\",\"logo\":{\"@type\":\"ImageObject\",\"inLanguage\":\"fr-FR\",\"@id\":\"https:\\\/\\\/cptsdracenie.fr\\\/#\\\/schema\\\/logo\\\/image\\\/\",\"url\":\"https:\\\/\\\/cptsdracenie.fr\\\/wp-content\\\/uploads\\\/2020\\\/01\\\/CPTS-version-2-blanc.png\",\"contentUrl\":\"https:\\\/\\\/cptsdracenie.fr\\\/wp-content\\\/uploads\\\/2020\\\/01\\\/CPTS-version-2-blanc.png\",\"width\":200,\"height\":200,\"caption\":\"CPTS Drac\u00e9nie-Provence-Verdon\"},\"image\":{\"@id\":\"https:\\\/\\\/cptsdracenie.fr\\\/#\\\/schema\\\/logo\\\/image\\\/\"},\"sameAs\":[\"https:\\\/\\\/www.facebook.com\\\/CPTSDPV\\\/\",\"https:\\\/\\\/www.linkedin.com\\\/company\\\/cpts-drac\u00e9nie-provence-verdon\\\/\"]},{\"@type\":\"Person\",\"@id\":\"https:\\\/\\\/cptsdracenie.fr\\\/#\\\/schema\\\/person\\\/27c1aa74dda94dd0b3dbf6b78e4018ac\",\"name\":\"Laurent SCHLEGEL\",\"image\":{\"@type\":\"ImageObject\",\"inLanguage\":\"fr-FR\",\"@id\":\"https:\\\/\\\/secure.gravatar.com\\\/avatar\\\/ed273eff3b94a3111b7413aae4d3b33c79fb75615c0030e0818bbfd14d8407af?s=96&d=mm&r=g\",\"url\":\"https:\\\/\\\/secure.gravatar.com\\\/avatar\\\/ed273eff3b94a3111b7413aae4d3b33c79fb75615c0030e0818bbfd14d8407af?s=96&d=mm&r=g\",\"contentUrl\":\"https:\\\/\\\/secure.gravatar.com\\\/avatar\\\/ed273eff3b94a3111b7413aae4d3b33c79fb75615c0030e0818bbfd14d8407af?s=96&d=mm&r=g\",\"caption\":\"Laurent SCHLEGEL\"},\"url\":\"https:\\\/\\\/cptsdracenie.fr\\\/index.php\\\/author\\\/laurent-schlegel\\\/\"}]}<\/script>\n<!-- \/ Yoast SEO plugin. -->","yoast_head_json":{"title":"Assembl\u00e9e g\u00e9n\u00e9rale 2020 &#8211; Communaut\u00e9 Professionnelle Territoriale de Sant\u00e9 Drac\u00e9nie Provence Verdon","description":"Convocation assembl\u00e9es g\u00e9n\u00e9rales association CPTS Drac\u00e9nie-Provence-Verdon","robots":{"index":"index","follow":"follow","max-snippet":"max-snippet:-1","max-image-preview":"max-image-preview:large","max-video-preview":"max-video-preview:-1"},"canonical":"https:\/\/cptsdracenie.fr\/index.php\/2020\/06\/15\/assemblee-generale-2020\/","og_locale":"fr_FR","og_type":"article","og_title":"Assembl\u00e9e g\u00e9n\u00e9rale 2020 &#8211; Communaut\u00e9 Professionnelle Territoriale de Sant\u00e9 Drac\u00e9nie Provence Verdon","og_description":"Convocation assembl\u00e9es g\u00e9n\u00e9rales association CPTS Drac\u00e9nie-Provence-Verdon","og_url":"https:\/\/cptsdracenie.fr\/index.php\/2020\/06\/15\/assemblee-generale-2020\/","og_site_name":"Communaut\u00e9 Professionnelle Territoriale de Sant\u00e9 Drac\u00e9nie Provence Verdon","article_publisher":"https:\/\/www.facebook.com\/CPTSDPV\/","article_published_time":"2020-06-15T08:00:22+00:00","article_modified_time":"2020-12-08T09:19:20+00:00","og_image":[{"width":200,"height":200,"url":"https:\/\/cptsdracenie.fr\/wp-content\/uploads\/2020\/12\/1595877100031-Logo-petit.jpg","type":"image\/jpeg"}],"author":"Laurent SCHLEGEL","twitter_card":"summary_large_image","twitter_misc":{"\u00c9crit par":"Laurent SCHLEGEL"},"schema":{"@context":"https:\/\/schema.org","@graph":[{"@type":"Article","@id":"https:\/\/cptsdracenie.fr\/index.php\/2020\/06\/15\/assemblee-generale-2020\/#article","isPartOf":{"@id":"https:\/\/cptsdracenie.fr\/index.php\/2020\/06\/15\/assemblee-generale-2020\/"},"author":{"name":"Laurent SCHLEGEL","@id":"https:\/\/cptsdracenie.fr\/#\/schema\/person\/27c1aa74dda94dd0b3dbf6b78e4018ac"},"headline":"Assembl\u00e9e g\u00e9n\u00e9rale 2020","datePublished":"2020-06-15T08:00:22+00:00","dateModified":"2020-12-08T09:19:20+00:00","mainEntityOfPage":{"@id":"https:\/\/cptsdracenie.fr\/index.php\/2020\/06\/15\/assemblee-generale-2020\/"},"wordCount":68,"publisher":{"@id":"https:\/\/cptsdracenie.fr\/#organization"},"articleSection":["Association"],"inLanguage":"fr-FR"},{"@type":"WebPage","@id":"https:\/\/cptsdracenie.fr\/index.php\/2020\/06\/15\/assemblee-generale-2020\/","url":"https:\/\/cptsdracenie.fr\/index.php\/2020\/06\/15\/assemblee-generale-2020\/","name":"Assembl\u00e9e g\u00e9n\u00e9rale 2020 &#8211; Communaut\u00e9 Professionnelle Territoriale de Sant\u00e9 Drac\u00e9nie Provence Verdon","isPartOf":{"@id":"https:\/\/cptsdracenie.fr\/#website"},"datePublished":"2020-06-15T08:00:22+00:00","dateModified":"2020-12-08T09:19:20+00:00","description":"Convocation assembl\u00e9es g\u00e9n\u00e9rales association CPTS Drac\u00e9nie-Provence-Verdon","breadcrumb":{"@id":"https:\/\/cptsdracenie.fr\/index.php\/2020\/06\/15\/assemblee-generale-2020\/#breadcrumb"},"inLanguage":"fr-FR","potentialAction":[{"@type":"ReadAction","target":["https:\/\/cptsdracenie.fr\/index.php\/2020\/06\/15\/assemblee-generale-2020\/"]}]},{"@type":"BreadcrumbList","@id":"https:\/\/cptsdracenie.fr\/index.php\/2020\/06\/15\/assemblee-generale-2020\/#breadcrumb","itemListElement":[{"@type":"ListItem","position":1,"name":"Accueil","item":"https:\/\/cptsdracenie.fr\/"},{"@type":"ListItem","position":2,"name":"Assembl\u00e9e g\u00e9n\u00e9rale 2020"}]},{"@type":"WebSite","@id":"https:\/\/cptsdracenie.fr\/#website","url":"https:\/\/cptsdracenie.fr\/","name":"CPTS DPV","description":" CPTS Drac\u00e9nie Provence Verdon","publisher":{"@id":"https:\/\/cptsdracenie.fr\/#organization"},"potentialAction":[{"@type":"SearchAction","target":{"@type":"EntryPoint","urlTemplate":"https:\/\/cptsdracenie.fr\/?s={search_term_string}"},"query-input":{"@type":"PropertyValueSpecification","valueRequired":true,"valueName":"search_term_string"}}],"inLanguage":"fr-FR"},{"@type":"Organization","@id":"https:\/\/cptsdracenie.fr\/#organization","name":"CPTS Drac\u00e9nie-Provence-Verdon","url":"https:\/\/cptsdracenie.fr\/","logo":{"@type":"ImageObject","inLanguage":"fr-FR","@id":"https:\/\/cptsdracenie.fr\/#\/schema\/logo\/image\/","url":"https:\/\/cptsdracenie.fr\/wp-content\/uploads\/2020\/01\/CPTS-version-2-blanc.png","contentUrl":"https:\/\/cptsdracenie.fr\/wp-content\/uploads\/2020\/01\/CPTS-version-2-blanc.png","width":200,"height":200,"caption":"CPTS Drac\u00e9nie-Provence-Verdon"},"image":{"@id":"https:\/\/cptsdracenie.fr\/#\/schema\/logo\/image\/"},"sameAs":["https:\/\/www.facebook.com\/CPTSDPV\/","https:\/\/www.linkedin.com\/company\/cpts-drac\u00e9nie-provence-verdon\/"]},{"@type":"Person","@id":"https:\/\/cptsdracenie.fr\/#\/schema\/person\/27c1aa74dda94dd0b3dbf6b78e4018ac","name":"Laurent SCHLEGEL","image":{"@type":"ImageObject","inLanguage":"fr-FR","@id":"https:\/\/secure.gravatar.com\/avatar\/ed273eff3b94a3111b7413aae4d3b33c79fb75615c0030e0818bbfd14d8407af?s=96&d=mm&r=g","url":"https:\/\/secure.gravatar.com\/avatar\/ed273eff3b94a3111b7413aae4d3b33c79fb75615c0030e0818bbfd14d8407af?s=96&d=mm&r=g","contentUrl":"https:\/\/secure.gravatar.com\/avatar\/ed273eff3b94a3111b7413aae4d3b33c79fb75615c0030e0818bbfd14d8407af?s=96&d=mm&r=g","caption":"Laurent SCHLEGEL"},"url":"https:\/\/cptsdracenie.fr\/index.php\/author\/laurent-schlegel\/"}]}},"_links":{"self":[{"href":"https:\/\/cptsdracenie.fr\/index.php\/wp-json\/wp\/v2\/posts\/671","targetHints":{"allow":["GET"]}}],"collection":[{"href":"https:\/\/cptsdracenie.fr\/index.php\/wp-json\/wp\/v2\/posts"}],"about":[{"href":"https:\/\/cptsdracenie.fr\/index.php\/wp-json\/wp\/v2\/types\/post"}],"author":[{"embeddable":true,"href":"https:\/\/cptsdracenie.fr\/index.php\/wp-json\/wp\/v2\/users\/2"}],"replies":[{"embeddable":true,"href":"https:\/\/cptsdracenie.fr\/index.php\/wp-json\/wp\/v2\/comments?post=671"}],"version-history":[{"count":2,"href":"https:\/\/cptsdracenie.fr\/index.php\/wp-json\/wp\/v2\/posts\/671\/revisions"}],"predecessor-version":[{"id":673,"href":"https:\/\/cptsdracenie.fr\/index.php\/wp-json\/wp\/v2\/posts\/671\/revisions\/673"}],"wp:attachment":[{"href":"https:\/\/cptsdracenie.fr\/index.php\/wp-json\/wp\/v2\/media?parent=671"}],"wp:term":[{"taxonomy":"category","embeddable":true,"href":"https:\/\/cptsdracenie.fr\/index.php\/wp-json\/wp\/v2\/categories?post=671"},{"taxonomy":"post_tag","embeddable":true,"href":"https:\/\/cptsdracenie.fr\/index.php\/wp-json\/wp\/v2\/tags?post=671"}],"curies":[{"name":"wp","href":"https:\/\/api.w.org\/{rel}","templated":true}]}}