{"id":7116,"date":"2023-01-13T11:37:28","date_gmt":"2023-01-13T10:37:28","guid":{"rendered":"https:\/\/cptsdracenie.fr\/?p=7116"},"modified":"2023-01-13T11:37:28","modified_gmt":"2023-01-13T10:37:28","slug":"atelier-etp","status":"publish","type":"post","link":"https:\/\/cptsdracenie.fr\/index.php\/2023\/01\/13\/atelier-etp\/","title":{"rendered":"Premier atelier ETP"},"content":{"rendered":"\n<p>Le jeudi 12 janvier 2023 a eu lieu le premier atelier sur l&rsquo;Education Th\u00e9rapeutique du Patient (ETP), \u00e0 la R\u00e9sidence Domitys &#8211; La Garance, \u00e0 Draguignan.<\/p>\n\n\n\n<p class=\"has-text-align-center\"><em>L&rsquo;objectif de cet atelier est de savoir comment aider les patients \u00e0 acqu\u00e9rir ou maintenir les comp\u00e9tences dont ils ont besoin pour g\u00e9rer au mieux leur vie avec une maladie chronique.<\/em><\/p>\n\n\n\n<div class=\"wp-block-columns is-layout-flex wp-container-core-columns-is-layout-9d6595d7 wp-block-columns-is-layout-flex\">\n<div class=\"wp-block-column is-layout-flow wp-block-column-is-layout-flow\">\n<figure class=\"wp-block-image size-large\"><img loading=\"lazy\" decoding=\"async\" width=\"747\" height=\"1024\" src=\"https:\/\/cptsdracenie.fr\/wp-content\/uploads\/2023\/01\/IMG_1579-1-747x1024.jpg\" alt=\"\" class=\"wp-image-7126\" srcset=\"https:\/\/cptsdracenie.fr\/wp-content\/uploads\/2023\/01\/IMG_1579-1-747x1024.jpg 747w, https:\/\/cptsdracenie.fr\/wp-content\/uploads\/2023\/01\/IMG_1579-1-219x300.jpg 219w, https:\/\/cptsdracenie.fr\/wp-content\/uploads\/2023\/01\/IMG_1579-1-768x1052.jpg 768w, https:\/\/cptsdracenie.fr\/wp-content\/uploads\/2023\/01\/IMG_1579-1-1121x1536.jpg 1121w, https:\/\/cptsdracenie.fr\/wp-content\/uploads\/2023\/01\/IMG_1579-1-1495x2048.jpg 1495w, https:\/\/cptsdracenie.fr\/wp-content\/uploads\/2023\/01\/IMG_1579-1-scaled.jpg 1869w\" sizes=\"auto, (max-width: 747px) 100vw, 747px\" \/><\/figure>\n<\/div>\n<\/div>\n\n\n\n<div class=\"wp-block-columns is-layout-flex wp-container-core-columns-is-layout-9d6595d7 wp-block-columns-is-layout-flex\">\n<div class=\"wp-block-column is-layout-flow wp-block-column-is-layout-flow\">\n<figure class=\"wp-block-image size-large\"><img loading=\"lazy\" decoding=\"async\" width=\"986\" height=\"1024\" src=\"https:\/\/cptsdracenie.fr\/wp-content\/uploads\/2023\/01\/IMG_1574-986x1024.jpg\" alt=\"\" class=\"wp-image-7118\" srcset=\"https:\/\/cptsdracenie.fr\/wp-content\/uploads\/2023\/01\/IMG_1574-986x1024.jpg 986w, https:\/\/cptsdracenie.fr\/wp-content\/uploads\/2023\/01\/IMG_1574-289x300.jpg 289w, https:\/\/cptsdracenie.fr\/wp-content\/uploads\/2023\/01\/IMG_1574-768x797.jpg 768w, https:\/\/cptsdracenie.fr\/wp-content\/uploads\/2023\/01\/IMG_1574-1479x1536.jpg 1479w, https:\/\/cptsdracenie.fr\/wp-content\/uploads\/2023\/01\/IMG_1574-1972x2048.jpg 1972w\" sizes=\"auto, (max-width: 986px) 100vw, 986px\" \/><\/figure>\n<\/div>\n\n\n\n<div class=\"wp-block-column is-layout-flow wp-block-column-is-layout-flow\">\n<figure class=\"wp-block-image size-large\"><img loading=\"lazy\" decoding=\"async\" width=\"850\" height=\"1024\" src=\"https:\/\/cptsdracenie.fr\/wp-content\/uploads\/2023\/01\/IMG_1577-850x1024.jpg\" alt=\"\" class=\"wp-image-7120\" srcset=\"https:\/\/cptsdracenie.fr\/wp-content\/uploads\/2023\/01\/IMG_1577-850x1024.jpg 850w, https:\/\/cptsdracenie.fr\/wp-content\/uploads\/2023\/01\/IMG_1577-249x300.jpg 249w, https:\/\/cptsdracenie.fr\/wp-content\/uploads\/2023\/01\/IMG_1577-768x925.jpg 768w, https:\/\/cptsdracenie.fr\/wp-content\/uploads\/2023\/01\/IMG_1577-1275x1536.jpg 1275w, https:\/\/cptsdracenie.fr\/wp-content\/uploads\/2023\/01\/IMG_1577-1700x2048.jpg 1700w\" sizes=\"auto, (max-width: 850px) 100vw, 850px\" \/><\/figure>\n<\/div>\n<\/div>\n\n\n\n<ul class=\"wp-block-list\">\n<li>Inscriptions en cours pour les professionnels de sant\u00e9 : si vous \u00eates int\u00e9ress\u00e9s, n&rsquo;h\u00e9sitez pas \u00e0 nous contacter !<\/li>\n\n\n\n<li>Vous \u00eates un patient et avez une maladie chronique ? Vous souhaitez maintenir ou am\u00e9liorer votre qualit\u00e9 de vie ? Vous pouvez contacter Mme Becourt \u00e0 l&rsquo;adresse suivante : karinebd@hotmail.fr <\/li>\n<\/ul>\n","protected":false},"excerpt":{"rendered":"<p>Le jeudi 12 janvier 2023 a eu lieu le premier atelier sur l&rsquo;Education Th\u00e9rapeutique du Patient (ETP), \u00e0 la R\u00e9sidence Domitys &#8211; La Garance, \u00e0 Draguignan. L&rsquo;objectif de cet atelier est de savoir comment aider les patients \u00e0 acqu\u00e9rir ou maintenir les comp\u00e9tences dont ils ont besoin pour g\u00e9rer au mieux leur vie avec une [&hellip;]<\/p>\n","protected":false},"author":1,"featured_media":7118,"comment_status":"closed","ping_status":"closed","sticky":false,"template":"","format":"standard","meta":{"footnotes":""},"categories":[25],"tags":[],"class_list":["post-7116","post","type-post","status-publish","format-standard","has-post-thumbnail","hentry","category-ateliers"],"yoast_head":"<!-- This site is optimized with the Yoast SEO plugin v27.5 - https:\/\/yoast.com\/product\/yoast-seo-wordpress\/ -->\n<title>Premier atelier ETP &#8211; Communaut\u00e9 Professionnelle Territoriale de Sant\u00e9 Drac\u00e9nie Provence Verdon<\/title>\n<meta name=\"description\" content=\"Premier atelier \u00e0 l&#039;Education Th\u00e9rapeutique du Patient (ETP) mis en place par la CPTS (Domitys La Garance Draguignan)\" \/>\n<meta name=\"robots\" content=\"index, follow, max-snippet:-1, max-image-preview:large, max-video-preview:-1\" \/>\n<link rel=\"canonical\" href=\"https:\/\/cptsdracenie.fr\/index.php\/2023\/01\/13\/atelier-etp\/\" \/>\n<meta property=\"og:locale\" content=\"fr_FR\" \/>\n<meta property=\"og:type\" content=\"article\" \/>\n<meta property=\"og:title\" content=\"Premier atelier ETP &#8211; Communaut\u00e9 Professionnelle Territoriale de Sant\u00e9 Drac\u00e9nie Provence Verdon\" \/>\n<meta property=\"og:description\" content=\"Premier atelier \u00e0 l&#039;Education Th\u00e9rapeutique du Patient (ETP) mis en place par la CPTS (Domitys La Garance Draguignan)\" \/>\n<meta property=\"og:url\" content=\"https:\/\/cptsdracenie.fr\/index.php\/2023\/01\/13\/atelier-etp\/\" \/>\n<meta property=\"og:site_name\" content=\"Communaut\u00e9 Professionnelle Territoriale de Sant\u00e9 Drac\u00e9nie Provence Verdon\" \/>\n<meta property=\"article:publisher\" content=\"https:\/\/www.facebook.com\/CPTSDPV\/\" \/>\n<meta property=\"article:published_time\" content=\"2023-01-13T10:37:28+00:00\" \/>\n<meta property=\"og:image\" content=\"https:\/\/cptsdracenie.fr\/wp-content\/uploads\/2023\/01\/IMG_1574-scaled.jpg\" \/>\n\t<meta property=\"og:image:width\" content=\"2465\" \/>\n\t<meta property=\"og:image:height\" content=\"2560\" \/>\n\t<meta property=\"og:image:type\" content=\"image\/jpeg\" \/>\n<meta name=\"author\" content=\"admin3616\" \/>\n<meta name=\"twitter:card\" content=\"summary_large_image\" \/>\n<meta name=\"twitter:label1\" content=\"\u00c9crit par\" \/>\n\t<meta name=\"twitter:data1\" content=\"admin3616\" \/>\n\t<meta name=\"twitter:label2\" content=\"Dur\u00e9e de lecture estim\u00e9e\" \/>\n\t<meta name=\"twitter:data2\" content=\"2 minutes\" \/>\n<script type=\"application\/ld+json\" class=\"yoast-schema-graph\">{\"@context\":\"https:\\\/\\\/schema.org\",\"@graph\":[{\"@type\":\"Article\",\"@id\":\"https:\\\/\\\/cptsdracenie.fr\\\/index.php\\\/2023\\\/01\\\/13\\\/atelier-etp\\\/#article\",\"isPartOf\":{\"@id\":\"https:\\\/\\\/cptsdracenie.fr\\\/index.php\\\/2023\\\/01\\\/13\\\/atelier-etp\\\/\"},\"author\":{\"name\":\"admin3616\",\"@id\":\"https:\\\/\\\/cptsdracenie.fr\\\/#\\\/schema\\\/person\\\/5e8dad6c13b12c27c2c19a8e30ad1033\"},\"headline\":\"Premier atelier ETP\",\"datePublished\":\"2023-01-13T10:37:28+00:00\",\"mainEntityOfPage\":{\"@id\":\"https:\\\/\\\/cptsdracenie.fr\\\/index.php\\\/2023\\\/01\\\/13\\\/atelier-etp\\\/\"},\"wordCount\":112,\"publisher\":{\"@id\":\"https:\\\/\\\/cptsdracenie.fr\\\/#organization\"},\"image\":{\"@id\":\"https:\\\/\\\/cptsdracenie.fr\\\/index.php\\\/2023\\\/01\\\/13\\\/atelier-etp\\\/#primaryimage\"},\"thumbnailUrl\":\"https:\\\/\\\/cptsdracenie.fr\\\/wp-content\\\/uploads\\\/2023\\\/01\\\/IMG_1574-scaled.jpg\",\"articleSection\":[\"Ateliers\"],\"inLanguage\":\"fr-FR\"},{\"@type\":\"WebPage\",\"@id\":\"https:\\\/\\\/cptsdracenie.fr\\\/index.php\\\/2023\\\/01\\\/13\\\/atelier-etp\\\/\",\"url\":\"https:\\\/\\\/cptsdracenie.fr\\\/index.php\\\/2023\\\/01\\\/13\\\/atelier-etp\\\/\",\"name\":\"Premier atelier ETP &#8211; Communaut\u00e9 Professionnelle Territoriale de Sant\u00e9 Drac\u00e9nie Provence Verdon\",\"isPartOf\":{\"@id\":\"https:\\\/\\\/cptsdracenie.fr\\\/#website\"},\"primaryImageOfPage\":{\"@id\":\"https:\\\/\\\/cptsdracenie.fr\\\/index.php\\\/2023\\\/01\\\/13\\\/atelier-etp\\\/#primaryimage\"},\"image\":{\"@id\":\"https:\\\/\\\/cptsdracenie.fr\\\/index.php\\\/2023\\\/01\\\/13\\\/atelier-etp\\\/#primaryimage\"},\"thumbnailUrl\":\"https:\\\/\\\/cptsdracenie.fr\\\/wp-content\\\/uploads\\\/2023\\\/01\\\/IMG_1574-scaled.jpg\",\"datePublished\":\"2023-01-13T10:37:28+00:00\",\"description\":\"Premier atelier \u00e0 l'Education Th\u00e9rapeutique du Patient (ETP) mis en place par la CPTS (Domitys La Garance Draguignan)\",\"breadcrumb\":{\"@id\":\"https:\\\/\\\/cptsdracenie.fr\\\/index.php\\\/2023\\\/01\\\/13\\\/atelier-etp\\\/#breadcrumb\"},\"inLanguage\":\"fr-FR\",\"potentialAction\":[{\"@type\":\"ReadAction\",\"target\":[\"https:\\\/\\\/cptsdracenie.fr\\\/index.php\\\/2023\\\/01\\\/13\\\/atelier-etp\\\/\"]}]},{\"@type\":\"ImageObject\",\"inLanguage\":\"fr-FR\",\"@id\":\"https:\\\/\\\/cptsdracenie.fr\\\/index.php\\\/2023\\\/01\\\/13\\\/atelier-etp\\\/#primaryimage\",\"url\":\"https:\\\/\\\/cptsdracenie.fr\\\/wp-content\\\/uploads\\\/2023\\\/01\\\/IMG_1574-scaled.jpg\",\"contentUrl\":\"https:\\\/\\\/cptsdracenie.fr\\\/wp-content\\\/uploads\\\/2023\\\/01\\\/IMG_1574-scaled.jpg\",\"width\":2465,\"height\":2560},{\"@type\":\"BreadcrumbList\",\"@id\":\"https:\\\/\\\/cptsdracenie.fr\\\/index.php\\\/2023\\\/01\\\/13\\\/atelier-etp\\\/#breadcrumb\",\"itemListElement\":[{\"@type\":\"ListItem\",\"position\":1,\"name\":\"Accueil\",\"item\":\"https:\\\/\\\/cptsdracenie.fr\\\/\"},{\"@type\":\"ListItem\",\"position\":2,\"name\":\"Premier atelier ETP\"}]},{\"@type\":\"WebSite\",\"@id\":\"https:\\\/\\\/cptsdracenie.fr\\\/#website\",\"url\":\"https:\\\/\\\/cptsdracenie.fr\\\/\",\"name\":\"CPTS DPV\",\"description\":\" CPTS Drac\u00e9nie Provence Verdon\",\"publisher\":{\"@id\":\"https:\\\/\\\/cptsdracenie.fr\\\/#organization\"},\"potentialAction\":[{\"@type\":\"SearchAction\",\"target\":{\"@type\":\"EntryPoint\",\"urlTemplate\":\"https:\\\/\\\/cptsdracenie.fr\\\/?s={search_term_string}\"},\"query-input\":{\"@type\":\"PropertyValueSpecification\",\"valueRequired\":true,\"valueName\":\"search_term_string\"}}],\"inLanguage\":\"fr-FR\"},{\"@type\":\"Organization\",\"@id\":\"https:\\\/\\\/cptsdracenie.fr\\\/#organization\",\"name\":\"CPTS Drac\u00e9nie-Provence-Verdon\",\"url\":\"https:\\\/\\\/cptsdracenie.fr\\\/\",\"logo\":{\"@type\":\"ImageObject\",\"inLanguage\":\"fr-FR\",\"@id\":\"https:\\\/\\\/cptsdracenie.fr\\\/#\\\/schema\\\/logo\\\/image\\\/\",\"url\":\"https:\\\/\\\/cptsdracenie.fr\\\/wp-content\\\/uploads\\\/2020\\\/01\\\/CPTS-version-2-blanc.png\",\"contentUrl\":\"https:\\\/\\\/cptsdracenie.fr\\\/wp-content\\\/uploads\\\/2020\\\/01\\\/CPTS-version-2-blanc.png\",\"width\":200,\"height\":200,\"caption\":\"CPTS Drac\u00e9nie-Provence-Verdon\"},\"image\":{\"@id\":\"https:\\\/\\\/cptsdracenie.fr\\\/#\\\/schema\\\/logo\\\/image\\\/\"},\"sameAs\":[\"https:\\\/\\\/www.facebook.com\\\/CPTSDPV\\\/\",\"https:\\\/\\\/www.linkedin.com\\\/company\\\/cpts-drac\u00e9nie-provence-verdon\\\/\"]},{\"@type\":\"Person\",\"@id\":\"https:\\\/\\\/cptsdracenie.fr\\\/#\\\/schema\\\/person\\\/5e8dad6c13b12c27c2c19a8e30ad1033\",\"name\":\"admin3616\",\"image\":{\"@type\":\"ImageObject\",\"inLanguage\":\"fr-FR\",\"@id\":\"https:\\\/\\\/secure.gravatar.com\\\/avatar\\\/f8b04cb7d4761647a9b275540c35d016b876dd8b19911751d862cb3a24a19aaf?s=96&d=mm&r=g\",\"url\":\"https:\\\/\\\/secure.gravatar.com\\\/avatar\\\/f8b04cb7d4761647a9b275540c35d016b876dd8b19911751d862cb3a24a19aaf?s=96&d=mm&r=g\",\"contentUrl\":\"https:\\\/\\\/secure.gravatar.com\\\/avatar\\\/f8b04cb7d4761647a9b275540c35d016b876dd8b19911751d862cb3a24a19aaf?s=96&d=mm&r=g\",\"caption\":\"admin3616\"},\"url\":\"https:\\\/\\\/cptsdracenie.fr\\\/index.php\\\/author\\\/admin3616\\\/\"}]}<\/script>\n<!-- \/ Yoast SEO plugin. -->","yoast_head_json":{"title":"Premier atelier ETP &#8211; Communaut\u00e9 Professionnelle Territoriale de Sant\u00e9 Drac\u00e9nie Provence Verdon","description":"Premier atelier \u00e0 l'Education Th\u00e9rapeutique du Patient (ETP) mis en place par la CPTS (Domitys La Garance Draguignan)","robots":{"index":"index","follow":"follow","max-snippet":"max-snippet:-1","max-image-preview":"max-image-preview:large","max-video-preview":"max-video-preview:-1"},"canonical":"https:\/\/cptsdracenie.fr\/index.php\/2023\/01\/13\/atelier-etp\/","og_locale":"fr_FR","og_type":"article","og_title":"Premier atelier ETP &#8211; Communaut\u00e9 Professionnelle Territoriale de Sant\u00e9 Drac\u00e9nie Provence Verdon","og_description":"Premier atelier \u00e0 l'Education Th\u00e9rapeutique du Patient (ETP) mis en place par la CPTS (Domitys La Garance Draguignan)","og_url":"https:\/\/cptsdracenie.fr\/index.php\/2023\/01\/13\/atelier-etp\/","og_site_name":"Communaut\u00e9 Professionnelle Territoriale de Sant\u00e9 Drac\u00e9nie Provence Verdon","article_publisher":"https:\/\/www.facebook.com\/CPTSDPV\/","article_published_time":"2023-01-13T10:37:28+00:00","og_image":[{"width":2465,"height":2560,"url":"https:\/\/cptsdracenie.fr\/wp-content\/uploads\/2023\/01\/IMG_1574-scaled.jpg","type":"image\/jpeg"}],"author":"admin3616","twitter_card":"summary_large_image","twitter_misc":{"\u00c9crit par":"admin3616","Dur\u00e9e de lecture estim\u00e9e":"2 minutes"},"schema":{"@context":"https:\/\/schema.org","@graph":[{"@type":"Article","@id":"https:\/\/cptsdracenie.fr\/index.php\/2023\/01\/13\/atelier-etp\/#article","isPartOf":{"@id":"https:\/\/cptsdracenie.fr\/index.php\/2023\/01\/13\/atelier-etp\/"},"author":{"name":"admin3616","@id":"https:\/\/cptsdracenie.fr\/#\/schema\/person\/5e8dad6c13b12c27c2c19a8e30ad1033"},"headline":"Premier atelier ETP","datePublished":"2023-01-13T10:37:28+00:00","mainEntityOfPage":{"@id":"https:\/\/cptsdracenie.fr\/index.php\/2023\/01\/13\/atelier-etp\/"},"wordCount":112,"publisher":{"@id":"https:\/\/cptsdracenie.fr\/#organization"},"image":{"@id":"https:\/\/cptsdracenie.fr\/index.php\/2023\/01\/13\/atelier-etp\/#primaryimage"},"thumbnailUrl":"https:\/\/cptsdracenie.fr\/wp-content\/uploads\/2023\/01\/IMG_1574-scaled.jpg","articleSection":["Ateliers"],"inLanguage":"fr-FR"},{"@type":"WebPage","@id":"https:\/\/cptsdracenie.fr\/index.php\/2023\/01\/13\/atelier-etp\/","url":"https:\/\/cptsdracenie.fr\/index.php\/2023\/01\/13\/atelier-etp\/","name":"Premier atelier ETP &#8211; Communaut\u00e9 Professionnelle Territoriale de Sant\u00e9 Drac\u00e9nie Provence Verdon","isPartOf":{"@id":"https:\/\/cptsdracenie.fr\/#website"},"primaryImageOfPage":{"@id":"https:\/\/cptsdracenie.fr\/index.php\/2023\/01\/13\/atelier-etp\/#primaryimage"},"image":{"@id":"https:\/\/cptsdracenie.fr\/index.php\/2023\/01\/13\/atelier-etp\/#primaryimage"},"thumbnailUrl":"https:\/\/cptsdracenie.fr\/wp-content\/uploads\/2023\/01\/IMG_1574-scaled.jpg","datePublished":"2023-01-13T10:37:28+00:00","description":"Premier atelier \u00e0 l'Education Th\u00e9rapeutique du Patient (ETP) mis en place par la CPTS (Domitys La Garance Draguignan)","breadcrumb":{"@id":"https:\/\/cptsdracenie.fr\/index.php\/2023\/01\/13\/atelier-etp\/#breadcrumb"},"inLanguage":"fr-FR","potentialAction":[{"@type":"ReadAction","target":["https:\/\/cptsdracenie.fr\/index.php\/2023\/01\/13\/atelier-etp\/"]}]},{"@type":"ImageObject","inLanguage":"fr-FR","@id":"https:\/\/cptsdracenie.fr\/index.php\/2023\/01\/13\/atelier-etp\/#primaryimage","url":"https:\/\/cptsdracenie.fr\/wp-content\/uploads\/2023\/01\/IMG_1574-scaled.jpg","contentUrl":"https:\/\/cptsdracenie.fr\/wp-content\/uploads\/2023\/01\/IMG_1574-scaled.jpg","width":2465,"height":2560},{"@type":"BreadcrumbList","@id":"https:\/\/cptsdracenie.fr\/index.php\/2023\/01\/13\/atelier-etp\/#breadcrumb","itemListElement":[{"@type":"ListItem","position":1,"name":"Accueil","item":"https:\/\/cptsdracenie.fr\/"},{"@type":"ListItem","position":2,"name":"Premier atelier ETP"}]},{"@type":"WebSite","@id":"https:\/\/cptsdracenie.fr\/#website","url":"https:\/\/cptsdracenie.fr\/","name":"CPTS DPV","description":" CPTS Drac\u00e9nie Provence Verdon","publisher":{"@id":"https:\/\/cptsdracenie.fr\/#organization"},"potentialAction":[{"@type":"SearchAction","target":{"@type":"EntryPoint","urlTemplate":"https:\/\/cptsdracenie.fr\/?s={search_term_string}"},"query-input":{"@type":"PropertyValueSpecification","valueRequired":true,"valueName":"search_term_string"}}],"inLanguage":"fr-FR"},{"@type":"Organization","@id":"https:\/\/cptsdracenie.fr\/#organization","name":"CPTS Drac\u00e9nie-Provence-Verdon","url":"https:\/\/cptsdracenie.fr\/","logo":{"@type":"ImageObject","inLanguage":"fr-FR","@id":"https:\/\/cptsdracenie.fr\/#\/schema\/logo\/image\/","url":"https:\/\/cptsdracenie.fr\/wp-content\/uploads\/2020\/01\/CPTS-version-2-blanc.png","contentUrl":"https:\/\/cptsdracenie.fr\/wp-content\/uploads\/2020\/01\/CPTS-version-2-blanc.png","width":200,"height":200,"caption":"CPTS Drac\u00e9nie-Provence-Verdon"},"image":{"@id":"https:\/\/cptsdracenie.fr\/#\/schema\/logo\/image\/"},"sameAs":["https:\/\/www.facebook.com\/CPTSDPV\/","https:\/\/www.linkedin.com\/company\/cpts-drac\u00e9nie-provence-verdon\/"]},{"@type":"Person","@id":"https:\/\/cptsdracenie.fr\/#\/schema\/person\/5e8dad6c13b12c27c2c19a8e30ad1033","name":"admin3616","image":{"@type":"ImageObject","inLanguage":"fr-FR","@id":"https:\/\/secure.gravatar.com\/avatar\/f8b04cb7d4761647a9b275540c35d016b876dd8b19911751d862cb3a24a19aaf?s=96&d=mm&r=g","url":"https:\/\/secure.gravatar.com\/avatar\/f8b04cb7d4761647a9b275540c35d016b876dd8b19911751d862cb3a24a19aaf?s=96&d=mm&r=g","contentUrl":"https:\/\/secure.gravatar.com\/avatar\/f8b04cb7d4761647a9b275540c35d016b876dd8b19911751d862cb3a24a19aaf?s=96&d=mm&r=g","caption":"admin3616"},"url":"https:\/\/cptsdracenie.fr\/index.php\/author\/admin3616\/"}]}},"_links":{"self":[{"href":"https:\/\/cptsdracenie.fr\/index.php\/wp-json\/wp\/v2\/posts\/7116","targetHints":{"allow":["GET"]}}],"collection":[{"href":"https:\/\/cptsdracenie.fr\/index.php\/wp-json\/wp\/v2\/posts"}],"about":[{"href":"https:\/\/cptsdracenie.fr\/index.php\/wp-json\/wp\/v2\/types\/post"}],"author":[{"embeddable":true,"href":"https:\/\/cptsdracenie.fr\/index.php\/wp-json\/wp\/v2\/users\/1"}],"replies":[{"embeddable":true,"href":"https:\/\/cptsdracenie.fr\/index.php\/wp-json\/wp\/v2\/comments?post=7116"}],"version-history":[{"count":12,"href":"https:\/\/cptsdracenie.fr\/index.php\/wp-json\/wp\/v2\/posts\/7116\/revisions"}],"predecessor-version":[{"id":7133,"href":"https:\/\/cptsdracenie.fr\/index.php\/wp-json\/wp\/v2\/posts\/7116\/revisions\/7133"}],"wp:featuredmedia":[{"embeddable":true,"href":"https:\/\/cptsdracenie.fr\/index.php\/wp-json\/wp\/v2\/media\/7118"}],"wp:attachment":[{"href":"https:\/\/cptsdracenie.fr\/index.php\/wp-json\/wp\/v2\/media?parent=7116"}],"wp:term":[{"taxonomy":"category","embeddable":true,"href":"https:\/\/cptsdracenie.fr\/index.php\/wp-json\/wp\/v2\/categories?post=7116"},{"taxonomy":"post_tag","embeddable":true,"href":"https:\/\/cptsdracenie.fr\/index.php\/wp-json\/wp\/v2\/tags?post=7116"}],"curies":[{"name":"wp","href":"https:\/\/api.w.org\/{rel}","templated":true}]}}