{"id":7835,"date":"2023-02-15T09:46:58","date_gmt":"2023-02-15T08:46:58","guid":{"rendered":"https:\/\/cptsdracenie.fr\/?p=7835"},"modified":"2023-02-15T09:47:00","modified_gmt":"2023-02-15T08:47:00","slug":"journee-internationale-de-lepilepsie-2","status":"publish","type":"post","link":"https:\/\/cptsdracenie.fr\/index.php\/2023\/02\/15\/journee-internationale-de-lepilepsie-2\/","title":{"rendered":"Journ\u00e9e internationale de l&rsquo;\u00e9pilepsie"},"content":{"rendered":"\n<p>En France, <strong>65 0000 personnes sont atteintes d\u2019\u00e9pilepsie<\/strong>.<\/p>\n\n\n\n<p>Afin de lutter contre la discrimination des \u00e9pileptiques, Epilepsie France \u00e0 organis\u00e9, ce lundi 13 f\u00e9vrier \u00e0 Draguignan, des rencontres avec des membres de l&rsquo;Association, dont le Docteur LATOUR Fran\u00e7ois.<br><\/p>\n\n\n<div class=\"wp-block-image\">\n<figure class=\"aligncenter size-large\"><img loading=\"lazy\" decoding=\"async\" width=\"768\" height=\"1024\" src=\"https:\/\/cptsdracenie.fr\/wp-content\/uploads\/2023\/02\/epilepsie-1-768x1024.jpg\" alt=\"\" class=\"wp-image-7836\" srcset=\"https:\/\/cptsdracenie.fr\/wp-content\/uploads\/2023\/02\/epilepsie-1-768x1024.jpg 768w, https:\/\/cptsdracenie.fr\/wp-content\/uploads\/2023\/02\/epilepsie-1-225x300.jpg 225w, https:\/\/cptsdracenie.fr\/wp-content\/uploads\/2023\/02\/epilepsie-1-1152x1536.jpg 1152w, https:\/\/cptsdracenie.fr\/wp-content\/uploads\/2023\/02\/epilepsie-1.jpg 1200w\" sizes=\"auto, (max-width: 768px) 100vw, 768px\" \/><figcaption class=\"wp-element-caption\">Epilepsie France &#8211; Maison des sports et de la jeunesse, Draguignan<\/figcaption><\/figure>\n<\/div>\n\n<div class=\"wp-block-image\">\n<figure class=\"aligncenter size-large\"><img loading=\"lazy\" decoding=\"async\" width=\"768\" height=\"1024\" src=\"https:\/\/cptsdracenie.fr\/wp-content\/uploads\/2023\/02\/epilepsie-2-768x1024.jpg\" alt=\"\" class=\"wp-image-7837\" srcset=\"https:\/\/cptsdracenie.fr\/wp-content\/uploads\/2023\/02\/epilepsie-2-768x1024.jpg 768w, https:\/\/cptsdracenie.fr\/wp-content\/uploads\/2023\/02\/epilepsie-2-225x300.jpg 225w, https:\/\/cptsdracenie.fr\/wp-content\/uploads\/2023\/02\/epilepsie-2-1152x1536.jpg 1152w, https:\/\/cptsdracenie.fr\/wp-content\/uploads\/2023\/02\/epilepsie-2.jpg 1200w\" sizes=\"auto, (max-width: 768px) 100vw, 768px\" \/><figcaption class=\"wp-element-caption\">Les gestes d&rsquo;urgence<\/figcaption><\/figure>\n<\/div>\n\n<div class=\"wp-block-image\">\n<figure class=\"aligncenter size-full\"><img loading=\"lazy\" decoding=\"async\" width=\"683\" height=\"1024\" src=\"https:\/\/cptsdracenie.fr\/wp-content\/uploads\/2023\/02\/epilepsie-3.jpg\" alt=\"\" class=\"wp-image-7838\" srcset=\"https:\/\/cptsdracenie.fr\/wp-content\/uploads\/2023\/02\/epilepsie-3.jpg 683w, https:\/\/cptsdracenie.fr\/wp-content\/uploads\/2023\/02\/epilepsie-3-200x300.jpg 200w\" sizes=\"auto, (max-width: 683px) 100vw, 683px\" \/><figcaption class=\"wp-element-caption\">La Tour de l\u2019Horloge de Draguignan illumin\u00e9e en violet pour cette occasion.<\/figcaption><\/figure>\n<\/div>","protected":false},"excerpt":{"rendered":"<p>En France, 65 0000 personnes sont atteintes d\u2019\u00e9pilepsie. Afin de lutter contre la discrimination des \u00e9pileptiques, Epilepsie France \u00e0 organis\u00e9, ce lundi 13 f\u00e9vrier \u00e0 Draguignan, des rencontres avec des membres de l&rsquo;Association, dont le Docteur LATOUR Fran\u00e7ois.<\/p>\n","protected":false},"author":1,"featured_media":7836,"comment_status":"closed","ping_status":"closed","sticky":false,"template":"","format":"standard","meta":{"footnotes":""},"categories":[27,24],"tags":[],"class_list":["post-7835","post","type-post","status-publish","format-standard","has-post-thumbnail","hentry","category-informations","category-gt-prevention"],"yoast_head":"<!-- This site is optimized with the Yoast SEO plugin v27.5 - https:\/\/yoast.com\/product\/yoast-seo-wordpress\/ -->\n<title>Journ\u00e9e internationale de l&#039;\u00e9pilepsie &#8211; Communaut\u00e9 Professionnelle Territoriale de Sant\u00e9 Drac\u00e9nie Provence Verdon<\/title>\n<meta name=\"description\" content=\"Dans le cadre de la journ\u00e9e de l&#039;\u00e9pilepsie, Epilepsie France \u00e0 organis\u00e9, le 13 f\u00e9vrier \u00e0 Draguignan, des rencontres avec des membres de l&#039;Association\" \/>\n<meta name=\"robots\" content=\"index, follow, max-snippet:-1, max-image-preview:large, max-video-preview:-1\" \/>\n<link rel=\"canonical\" href=\"https:\/\/cptsdracenie.fr\/index.php\/2023\/02\/15\/journee-internationale-de-lepilepsie-2\/\" \/>\n<meta property=\"og:locale\" content=\"fr_FR\" \/>\n<meta property=\"og:type\" content=\"article\" \/>\n<meta property=\"og:title\" content=\"Journ\u00e9e internationale de l&#039;\u00e9pilepsie &#8211; Communaut\u00e9 Professionnelle Territoriale de Sant\u00e9 Drac\u00e9nie Provence Verdon\" \/>\n<meta property=\"og:description\" content=\"Dans le cadre de la journ\u00e9e de l&#039;\u00e9pilepsie, Epilepsie France \u00e0 organis\u00e9, le 13 f\u00e9vrier \u00e0 Draguignan, des rencontres avec des membres de l&#039;Association\" \/>\n<meta property=\"og:url\" content=\"https:\/\/cptsdracenie.fr\/index.php\/2023\/02\/15\/journee-internationale-de-lepilepsie-2\/\" \/>\n<meta property=\"og:site_name\" content=\"Communaut\u00e9 Professionnelle Territoriale de Sant\u00e9 Drac\u00e9nie Provence Verdon\" \/>\n<meta property=\"article:publisher\" content=\"https:\/\/www.facebook.com\/CPTSDPV\/\" \/>\n<meta property=\"article:published_time\" content=\"2023-02-15T08:46:58+00:00\" \/>\n<meta property=\"article:modified_time\" content=\"2023-02-15T08:47:00+00:00\" \/>\n<meta property=\"og:image\" content=\"https:\/\/cptsdracenie.fr\/wp-content\/uploads\/2023\/02\/epilepsie-1.jpg\" \/>\n\t<meta property=\"og:image:width\" content=\"1200\" \/>\n\t<meta property=\"og:image:height\" content=\"1600\" \/>\n\t<meta property=\"og:image:type\" content=\"image\/jpeg\" \/>\n<meta name=\"author\" content=\"admin3616\" \/>\n<meta name=\"twitter:card\" content=\"summary_large_image\" \/>\n<meta name=\"twitter:label1\" content=\"\u00c9crit par\" \/>\n\t<meta name=\"twitter:data1\" content=\"admin3616\" \/>\n\t<meta name=\"twitter:label2\" content=\"Dur\u00e9e de lecture estim\u00e9e\" \/>\n\t<meta name=\"twitter:data2\" content=\"1 minute\" \/>\n<script type=\"application\/ld+json\" class=\"yoast-schema-graph\">{\"@context\":\"https:\\\/\\\/schema.org\",\"@graph\":[{\"@type\":\"Article\",\"@id\":\"https:\\\/\\\/cptsdracenie.fr\\\/index.php\\\/2023\\\/02\\\/15\\\/journee-internationale-de-lepilepsie-2\\\/#article\",\"isPartOf\":{\"@id\":\"https:\\\/\\\/cptsdracenie.fr\\\/index.php\\\/2023\\\/02\\\/15\\\/journee-internationale-de-lepilepsie-2\\\/\"},\"author\":{\"name\":\"admin3616\",\"@id\":\"https:\\\/\\\/cptsdracenie.fr\\\/#\\\/schema\\\/person\\\/5e8dad6c13b12c27c2c19a8e30ad1033\"},\"headline\":\"Journ\u00e9e internationale de l&rsquo;\u00e9pilepsie\",\"datePublished\":\"2023-02-15T08:46:58+00:00\",\"dateModified\":\"2023-02-15T08:47:00+00:00\",\"mainEntityOfPage\":{\"@id\":\"https:\\\/\\\/cptsdracenie.fr\\\/index.php\\\/2023\\\/02\\\/15\\\/journee-internationale-de-lepilepsie-2\\\/\"},\"wordCount\":72,\"publisher\":{\"@id\":\"https:\\\/\\\/cptsdracenie.fr\\\/#organization\"},\"image\":{\"@id\":\"https:\\\/\\\/cptsdracenie.fr\\\/index.php\\\/2023\\\/02\\\/15\\\/journee-internationale-de-lepilepsie-2\\\/#primaryimage\"},\"thumbnailUrl\":\"https:\\\/\\\/cptsdracenie.fr\\\/wp-content\\\/uploads\\\/2023\\\/02\\\/epilepsie-1.jpg\",\"articleSection\":[\"Informations g\u00e9n\u00e9rale\",\"Pr\u00e9vention\"],\"inLanguage\":\"fr-FR\"},{\"@type\":\"WebPage\",\"@id\":\"https:\\\/\\\/cptsdracenie.fr\\\/index.php\\\/2023\\\/02\\\/15\\\/journee-internationale-de-lepilepsie-2\\\/\",\"url\":\"https:\\\/\\\/cptsdracenie.fr\\\/index.php\\\/2023\\\/02\\\/15\\\/journee-internationale-de-lepilepsie-2\\\/\",\"name\":\"Journ\u00e9e internationale de l'\u00e9pilepsie &#8211; Communaut\u00e9 Professionnelle Territoriale de Sant\u00e9 Drac\u00e9nie Provence Verdon\",\"isPartOf\":{\"@id\":\"https:\\\/\\\/cptsdracenie.fr\\\/#website\"},\"primaryImageOfPage\":{\"@id\":\"https:\\\/\\\/cptsdracenie.fr\\\/index.php\\\/2023\\\/02\\\/15\\\/journee-internationale-de-lepilepsie-2\\\/#primaryimage\"},\"image\":{\"@id\":\"https:\\\/\\\/cptsdracenie.fr\\\/index.php\\\/2023\\\/02\\\/15\\\/journee-internationale-de-lepilepsie-2\\\/#primaryimage\"},\"thumbnailUrl\":\"https:\\\/\\\/cptsdracenie.fr\\\/wp-content\\\/uploads\\\/2023\\\/02\\\/epilepsie-1.jpg\",\"datePublished\":\"2023-02-15T08:46:58+00:00\",\"dateModified\":\"2023-02-15T08:47:00+00:00\",\"description\":\"Dans le cadre de la journ\u00e9e de l'\u00e9pilepsie, Epilepsie France \u00e0 organis\u00e9, le 13 f\u00e9vrier \u00e0 Draguignan, des rencontres avec des membres de l'Association\",\"breadcrumb\":{\"@id\":\"https:\\\/\\\/cptsdracenie.fr\\\/index.php\\\/2023\\\/02\\\/15\\\/journee-internationale-de-lepilepsie-2\\\/#breadcrumb\"},\"inLanguage\":\"fr-FR\",\"potentialAction\":[{\"@type\":\"ReadAction\",\"target\":[\"https:\\\/\\\/cptsdracenie.fr\\\/index.php\\\/2023\\\/02\\\/15\\\/journee-internationale-de-lepilepsie-2\\\/\"]}]},{\"@type\":\"ImageObject\",\"inLanguage\":\"fr-FR\",\"@id\":\"https:\\\/\\\/cptsdracenie.fr\\\/index.php\\\/2023\\\/02\\\/15\\\/journee-internationale-de-lepilepsie-2\\\/#primaryimage\",\"url\":\"https:\\\/\\\/cptsdracenie.fr\\\/wp-content\\\/uploads\\\/2023\\\/02\\\/epilepsie-1.jpg\",\"contentUrl\":\"https:\\\/\\\/cptsdracenie.fr\\\/wp-content\\\/uploads\\\/2023\\\/02\\\/epilepsie-1.jpg\",\"width\":1200,\"height\":1600},{\"@type\":\"BreadcrumbList\",\"@id\":\"https:\\\/\\\/cptsdracenie.fr\\\/index.php\\\/2023\\\/02\\\/15\\\/journee-internationale-de-lepilepsie-2\\\/#breadcrumb\",\"itemListElement\":[{\"@type\":\"ListItem\",\"position\":1,\"name\":\"Accueil\",\"item\":\"https:\\\/\\\/cptsdracenie.fr\\\/\"},{\"@type\":\"ListItem\",\"position\":2,\"name\":\"Journ\u00e9e internationale de l&rsquo;\u00e9pilepsie\"}]},{\"@type\":\"WebSite\",\"@id\":\"https:\\\/\\\/cptsdracenie.fr\\\/#website\",\"url\":\"https:\\\/\\\/cptsdracenie.fr\\\/\",\"name\":\"CPTS DPV\",\"description\":\" CPTS Drac\u00e9nie Provence Verdon\",\"publisher\":{\"@id\":\"https:\\\/\\\/cptsdracenie.fr\\\/#organization\"},\"potentialAction\":[{\"@type\":\"SearchAction\",\"target\":{\"@type\":\"EntryPoint\",\"urlTemplate\":\"https:\\\/\\\/cptsdracenie.fr\\\/?s={search_term_string}\"},\"query-input\":{\"@type\":\"PropertyValueSpecification\",\"valueRequired\":true,\"valueName\":\"search_term_string\"}}],\"inLanguage\":\"fr-FR\"},{\"@type\":\"Organization\",\"@id\":\"https:\\\/\\\/cptsdracenie.fr\\\/#organization\",\"name\":\"CPTS Drac\u00e9nie-Provence-Verdon\",\"url\":\"https:\\\/\\\/cptsdracenie.fr\\\/\",\"logo\":{\"@type\":\"ImageObject\",\"inLanguage\":\"fr-FR\",\"@id\":\"https:\\\/\\\/cptsdracenie.fr\\\/#\\\/schema\\\/logo\\\/image\\\/\",\"url\":\"https:\\\/\\\/cptsdracenie.fr\\\/wp-content\\\/uploads\\\/2020\\\/01\\\/CPTS-version-2-blanc.png\",\"contentUrl\":\"https:\\\/\\\/cptsdracenie.fr\\\/wp-content\\\/uploads\\\/2020\\\/01\\\/CPTS-version-2-blanc.png\",\"width\":200,\"height\":200,\"caption\":\"CPTS Drac\u00e9nie-Provence-Verdon\"},\"image\":{\"@id\":\"https:\\\/\\\/cptsdracenie.fr\\\/#\\\/schema\\\/logo\\\/image\\\/\"},\"sameAs\":[\"https:\\\/\\\/www.facebook.com\\\/CPTSDPV\\\/\",\"https:\\\/\\\/www.linkedin.com\\\/company\\\/cpts-drac\u00e9nie-provence-verdon\\\/\"]},{\"@type\":\"Person\",\"@id\":\"https:\\\/\\\/cptsdracenie.fr\\\/#\\\/schema\\\/person\\\/5e8dad6c13b12c27c2c19a8e30ad1033\",\"name\":\"admin3616\",\"image\":{\"@type\":\"ImageObject\",\"inLanguage\":\"fr-FR\",\"@id\":\"https:\\\/\\\/secure.gravatar.com\\\/avatar\\\/f8b04cb7d4761647a9b275540c35d016b876dd8b19911751d862cb3a24a19aaf?s=96&d=mm&r=g\",\"url\":\"https:\\\/\\\/secure.gravatar.com\\\/avatar\\\/f8b04cb7d4761647a9b275540c35d016b876dd8b19911751d862cb3a24a19aaf?s=96&d=mm&r=g\",\"contentUrl\":\"https:\\\/\\\/secure.gravatar.com\\\/avatar\\\/f8b04cb7d4761647a9b275540c35d016b876dd8b19911751d862cb3a24a19aaf?s=96&d=mm&r=g\",\"caption\":\"admin3616\"},\"url\":\"https:\\\/\\\/cptsdracenie.fr\\\/index.php\\\/author\\\/admin3616\\\/\"}]}<\/script>\n<!-- \/ Yoast SEO plugin. -->","yoast_head_json":{"title":"Journ\u00e9e internationale de l'\u00e9pilepsie &#8211; Communaut\u00e9 Professionnelle Territoriale de Sant\u00e9 Drac\u00e9nie Provence Verdon","description":"Dans le cadre de la journ\u00e9e de l'\u00e9pilepsie, Epilepsie France \u00e0 organis\u00e9, le 13 f\u00e9vrier \u00e0 Draguignan, des rencontres avec des membres de l'Association","robots":{"index":"index","follow":"follow","max-snippet":"max-snippet:-1","max-image-preview":"max-image-preview:large","max-video-preview":"max-video-preview:-1"},"canonical":"https:\/\/cptsdracenie.fr\/index.php\/2023\/02\/15\/journee-internationale-de-lepilepsie-2\/","og_locale":"fr_FR","og_type":"article","og_title":"Journ\u00e9e internationale de l'\u00e9pilepsie &#8211; Communaut\u00e9 Professionnelle Territoriale de Sant\u00e9 Drac\u00e9nie Provence Verdon","og_description":"Dans le cadre de la journ\u00e9e de l'\u00e9pilepsie, Epilepsie France \u00e0 organis\u00e9, le 13 f\u00e9vrier \u00e0 Draguignan, des rencontres avec des membres de l'Association","og_url":"https:\/\/cptsdracenie.fr\/index.php\/2023\/02\/15\/journee-internationale-de-lepilepsie-2\/","og_site_name":"Communaut\u00e9 Professionnelle Territoriale de Sant\u00e9 Drac\u00e9nie Provence Verdon","article_publisher":"https:\/\/www.facebook.com\/CPTSDPV\/","article_published_time":"2023-02-15T08:46:58+00:00","article_modified_time":"2023-02-15T08:47:00+00:00","og_image":[{"width":1200,"height":1600,"url":"https:\/\/cptsdracenie.fr\/wp-content\/uploads\/2023\/02\/epilepsie-1.jpg","type":"image\/jpeg"}],"author":"admin3616","twitter_card":"summary_large_image","twitter_misc":{"\u00c9crit par":"admin3616","Dur\u00e9e de lecture estim\u00e9e":"1 minute"},"schema":{"@context":"https:\/\/schema.org","@graph":[{"@type":"Article","@id":"https:\/\/cptsdracenie.fr\/index.php\/2023\/02\/15\/journee-internationale-de-lepilepsie-2\/#article","isPartOf":{"@id":"https:\/\/cptsdracenie.fr\/index.php\/2023\/02\/15\/journee-internationale-de-lepilepsie-2\/"},"author":{"name":"admin3616","@id":"https:\/\/cptsdracenie.fr\/#\/schema\/person\/5e8dad6c13b12c27c2c19a8e30ad1033"},"headline":"Journ\u00e9e internationale de l&rsquo;\u00e9pilepsie","datePublished":"2023-02-15T08:46:58+00:00","dateModified":"2023-02-15T08:47:00+00:00","mainEntityOfPage":{"@id":"https:\/\/cptsdracenie.fr\/index.php\/2023\/02\/15\/journee-internationale-de-lepilepsie-2\/"},"wordCount":72,"publisher":{"@id":"https:\/\/cptsdracenie.fr\/#organization"},"image":{"@id":"https:\/\/cptsdracenie.fr\/index.php\/2023\/02\/15\/journee-internationale-de-lepilepsie-2\/#primaryimage"},"thumbnailUrl":"https:\/\/cptsdracenie.fr\/wp-content\/uploads\/2023\/02\/epilepsie-1.jpg","articleSection":["Informations g\u00e9n\u00e9rale","Pr\u00e9vention"],"inLanguage":"fr-FR"},{"@type":"WebPage","@id":"https:\/\/cptsdracenie.fr\/index.php\/2023\/02\/15\/journee-internationale-de-lepilepsie-2\/","url":"https:\/\/cptsdracenie.fr\/index.php\/2023\/02\/15\/journee-internationale-de-lepilepsie-2\/","name":"Journ\u00e9e internationale de l'\u00e9pilepsie &#8211; Communaut\u00e9 Professionnelle Territoriale de Sant\u00e9 Drac\u00e9nie Provence Verdon","isPartOf":{"@id":"https:\/\/cptsdracenie.fr\/#website"},"primaryImageOfPage":{"@id":"https:\/\/cptsdracenie.fr\/index.php\/2023\/02\/15\/journee-internationale-de-lepilepsie-2\/#primaryimage"},"image":{"@id":"https:\/\/cptsdracenie.fr\/index.php\/2023\/02\/15\/journee-internationale-de-lepilepsie-2\/#primaryimage"},"thumbnailUrl":"https:\/\/cptsdracenie.fr\/wp-content\/uploads\/2023\/02\/epilepsie-1.jpg","datePublished":"2023-02-15T08:46:58+00:00","dateModified":"2023-02-15T08:47:00+00:00","description":"Dans le cadre de la journ\u00e9e de l'\u00e9pilepsie, Epilepsie France \u00e0 organis\u00e9, le 13 f\u00e9vrier \u00e0 Draguignan, des rencontres avec des membres de l'Association","breadcrumb":{"@id":"https:\/\/cptsdracenie.fr\/index.php\/2023\/02\/15\/journee-internationale-de-lepilepsie-2\/#breadcrumb"},"inLanguage":"fr-FR","potentialAction":[{"@type":"ReadAction","target":["https:\/\/cptsdracenie.fr\/index.php\/2023\/02\/15\/journee-internationale-de-lepilepsie-2\/"]}]},{"@type":"ImageObject","inLanguage":"fr-FR","@id":"https:\/\/cptsdracenie.fr\/index.php\/2023\/02\/15\/journee-internationale-de-lepilepsie-2\/#primaryimage","url":"https:\/\/cptsdracenie.fr\/wp-content\/uploads\/2023\/02\/epilepsie-1.jpg","contentUrl":"https:\/\/cptsdracenie.fr\/wp-content\/uploads\/2023\/02\/epilepsie-1.jpg","width":1200,"height":1600},{"@type":"BreadcrumbList","@id":"https:\/\/cptsdracenie.fr\/index.php\/2023\/02\/15\/journee-internationale-de-lepilepsie-2\/#breadcrumb","itemListElement":[{"@type":"ListItem","position":1,"name":"Accueil","item":"https:\/\/cptsdracenie.fr\/"},{"@type":"ListItem","position":2,"name":"Journ\u00e9e internationale de l&rsquo;\u00e9pilepsie"}]},{"@type":"WebSite","@id":"https:\/\/cptsdracenie.fr\/#website","url":"https:\/\/cptsdracenie.fr\/","name":"CPTS DPV","description":" CPTS Drac\u00e9nie Provence Verdon","publisher":{"@id":"https:\/\/cptsdracenie.fr\/#organization"},"potentialAction":[{"@type":"SearchAction","target":{"@type":"EntryPoint","urlTemplate":"https:\/\/cptsdracenie.fr\/?s={search_term_string}"},"query-input":{"@type":"PropertyValueSpecification","valueRequired":true,"valueName":"search_term_string"}}],"inLanguage":"fr-FR"},{"@type":"Organization","@id":"https:\/\/cptsdracenie.fr\/#organization","name":"CPTS Drac\u00e9nie-Provence-Verdon","url":"https:\/\/cptsdracenie.fr\/","logo":{"@type":"ImageObject","inLanguage":"fr-FR","@id":"https:\/\/cptsdracenie.fr\/#\/schema\/logo\/image\/","url":"https:\/\/cptsdracenie.fr\/wp-content\/uploads\/2020\/01\/CPTS-version-2-blanc.png","contentUrl":"https:\/\/cptsdracenie.fr\/wp-content\/uploads\/2020\/01\/CPTS-version-2-blanc.png","width":200,"height":200,"caption":"CPTS Drac\u00e9nie-Provence-Verdon"},"image":{"@id":"https:\/\/cptsdracenie.fr\/#\/schema\/logo\/image\/"},"sameAs":["https:\/\/www.facebook.com\/CPTSDPV\/","https:\/\/www.linkedin.com\/company\/cpts-drac\u00e9nie-provence-verdon\/"]},{"@type":"Person","@id":"https:\/\/cptsdracenie.fr\/#\/schema\/person\/5e8dad6c13b12c27c2c19a8e30ad1033","name":"admin3616","image":{"@type":"ImageObject","inLanguage":"fr-FR","@id":"https:\/\/secure.gravatar.com\/avatar\/f8b04cb7d4761647a9b275540c35d016b876dd8b19911751d862cb3a24a19aaf?s=96&d=mm&r=g","url":"https:\/\/secure.gravatar.com\/avatar\/f8b04cb7d4761647a9b275540c35d016b876dd8b19911751d862cb3a24a19aaf?s=96&d=mm&r=g","contentUrl":"https:\/\/secure.gravatar.com\/avatar\/f8b04cb7d4761647a9b275540c35d016b876dd8b19911751d862cb3a24a19aaf?s=96&d=mm&r=g","caption":"admin3616"},"url":"https:\/\/cptsdracenie.fr\/index.php\/author\/admin3616\/"}]}},"_links":{"self":[{"href":"https:\/\/cptsdracenie.fr\/index.php\/wp-json\/wp\/v2\/posts\/7835","targetHints":{"allow":["GET"]}}],"collection":[{"href":"https:\/\/cptsdracenie.fr\/index.php\/wp-json\/wp\/v2\/posts"}],"about":[{"href":"https:\/\/cptsdracenie.fr\/index.php\/wp-json\/wp\/v2\/types\/post"}],"author":[{"embeddable":true,"href":"https:\/\/cptsdracenie.fr\/index.php\/wp-json\/wp\/v2\/users\/1"}],"replies":[{"embeddable":true,"href":"https:\/\/cptsdracenie.fr\/index.php\/wp-json\/wp\/v2\/comments?post=7835"}],"version-history":[{"count":3,"href":"https:\/\/cptsdracenie.fr\/index.php\/wp-json\/wp\/v2\/posts\/7835\/revisions"}],"predecessor-version":[{"id":7841,"href":"https:\/\/cptsdracenie.fr\/index.php\/wp-json\/wp\/v2\/posts\/7835\/revisions\/7841"}],"wp:featuredmedia":[{"embeddable":true,"href":"https:\/\/cptsdracenie.fr\/index.php\/wp-json\/wp\/v2\/media\/7836"}],"wp:attachment":[{"href":"https:\/\/cptsdracenie.fr\/index.php\/wp-json\/wp\/v2\/media?parent=7835"}],"wp:term":[{"taxonomy":"category","embeddable":true,"href":"https:\/\/cptsdracenie.fr\/index.php\/wp-json\/wp\/v2\/categories?post=7835"},{"taxonomy":"post_tag","embeddable":true,"href":"https:\/\/cptsdracenie.fr\/index.php\/wp-json\/wp\/v2\/tags?post=7835"}],"curies":[{"name":"wp","href":"https:\/\/api.w.org\/{rel}","templated":true}]}}