{"id":8210,"date":"2023-03-16T12:37:11","date_gmt":"2023-03-16T11:37:11","guid":{"rendered":"https:\/\/cptsdracenie.fr\/?p=8210"},"modified":"2023-03-16T12:39:35","modified_gmt":"2023-03-16T11:39:35","slug":"stand-de-sensibilisation-a-la-pharmacie-du-plan","status":"publish","type":"post","link":"https:\/\/cptsdracenie.fr\/index.php\/2023\/03\/16\/stand-de-sensibilisation-a-la-pharmacie-du-plan\/","title":{"rendered":"Sensibilisation sur le cancer colorectal \u00e0 la Pharmacie du Plan"},"content":{"rendered":"\n<p>Ce jeudi matin, la pharmacie du Plan, au centre commercial de Trans-en-Provence, en partenariat avec la CPTS, a mis en place un stand de sensibilisation et d&rsquo;information sur le cancer colorectal.<\/p>\n\n\n<div class=\"wp-block-image\">\n<figure class=\"aligncenter size-large\"><img loading=\"lazy\" decoding=\"async\" width=\"1024\" height=\"768\" src=\"https:\/\/cptsdracenie.fr\/wp-content\/uploads\/2023\/03\/WhatsApp-Image-2023-03-16-a-09.53.57-1024x768.jpg\" alt=\"\" class=\"wp-image-8211\" srcset=\"https:\/\/cptsdracenie.fr\/wp-content\/uploads\/2023\/03\/WhatsApp-Image-2023-03-16-a-09.53.57-1024x768.jpg 1024w, https:\/\/cptsdracenie.fr\/wp-content\/uploads\/2023\/03\/WhatsApp-Image-2023-03-16-a-09.53.57-300x225.jpg 300w, https:\/\/cptsdracenie.fr\/wp-content\/uploads\/2023\/03\/WhatsApp-Image-2023-03-16-a-09.53.57-768x576.jpg 768w, https:\/\/cptsdracenie.fr\/wp-content\/uploads\/2023\/03\/WhatsApp-Image-2023-03-16-a-09.53.57-1536x1152.jpg 1536w, https:\/\/cptsdracenie.fr\/wp-content\/uploads\/2023\/03\/WhatsApp-Image-2023-03-16-a-09.53.57.jpg 1600w\" sizes=\"auto, (max-width: 1024px) 100vw, 1024px\" \/><\/figure>\n<\/div>\n\n\n<p>Pour rappel, le mois de mars <em>(Mars bleu) <\/em>a \u00e9t\u00e9 choisi il y a 15 ans pour d\u00e9ployer une campagne nationale contre le cancer colorectal (cancer du gros intestin qui peut-\u00eatre gu\u00e9ri s\u2019il est d\u00e9tect\u00e9 pr\u00e9cocement). C&rsquo;est la raison pour laquelle un d\u00e9pistage organis\u00e9 pour les personnes entre 50 et 74 ans a \u00e9t\u00e9 mis en place.<\/p>\n\n\n\n<p>La CPTS remercie la Pharmacie du Plan pour sa disponibilit\u00e9 et la mise en place de son stand dans le cadre de Mars bleu. <\/p>\n\n\n\n<div class=\"wp-block-columns is-layout-flex wp-container-core-columns-is-layout-9d6595d7 wp-block-columns-is-layout-flex\">\n<div class=\"wp-block-column is-layout-flow wp-block-column-is-layout-flow\">\n<figure class=\"wp-block-image size-full\"><img loading=\"lazy\" decoding=\"async\" width=\"1024\" height=\"768\" src=\"https:\/\/cptsdracenie.fr\/wp-content\/uploads\/2023\/03\/WhatsApp-Image-2023-03-16-a-10.22.52.jpg\" alt=\"\" class=\"wp-image-8212\" srcset=\"https:\/\/cptsdracenie.fr\/wp-content\/uploads\/2023\/03\/WhatsApp-Image-2023-03-16-a-10.22.52.jpg 1024w, https:\/\/cptsdracenie.fr\/wp-content\/uploads\/2023\/03\/WhatsApp-Image-2023-03-16-a-10.22.52-300x225.jpg 300w, https:\/\/cptsdracenie.fr\/wp-content\/uploads\/2023\/03\/WhatsApp-Image-2023-03-16-a-10.22.52-768x576.jpg 768w\" sizes=\"auto, (max-width: 1024px) 100vw, 1024px\" \/><figcaption class=\"wp-element-caption\">Mme BECOURT, Infirmi\u00e8re lib\u00e9rale (CPTS)<\/figcaption><\/figure>\n<\/div>\n\n\n\n<div class=\"wp-block-column is-layout-flow wp-block-column-is-layout-flow\">\n<figure class=\"wp-block-image size-large\"><img loading=\"lazy\" decoding=\"async\" width=\"1024\" height=\"576\" src=\"https:\/\/cptsdracenie.fr\/wp-content\/uploads\/2023\/03\/WhatsApp-Image-2023-03-16-a-09.55.11-1024x576.jpg\" alt=\"\" class=\"wp-image-8213\" srcset=\"https:\/\/cptsdracenie.fr\/wp-content\/uploads\/2023\/03\/WhatsApp-Image-2023-03-16-a-09.55.11-1024x576.jpg 1024w, https:\/\/cptsdracenie.fr\/wp-content\/uploads\/2023\/03\/WhatsApp-Image-2023-03-16-a-09.55.11-300x169.jpg 300w, https:\/\/cptsdracenie.fr\/wp-content\/uploads\/2023\/03\/WhatsApp-Image-2023-03-16-a-09.55.11-768x432.jpg 768w, https:\/\/cptsdracenie.fr\/wp-content\/uploads\/2023\/03\/WhatsApp-Image-2023-03-16-a-09.55.11-1536x864.jpg 1536w, https:\/\/cptsdracenie.fr\/wp-content\/uploads\/2023\/03\/WhatsApp-Image-2023-03-16-a-09.55.11.jpg 2048w\" sizes=\"auto, (max-width: 1024px) 100vw, 1024px\" \/><\/figure>\n<\/div>\n<\/div>\n\n\n\n<div class=\"wp-block-columns is-layout-flex wp-container-core-columns-is-layout-9d6595d7 wp-block-columns-is-layout-flex\">\n<div class=\"wp-block-column is-layout-flow wp-block-column-is-layout-flow\">\n<figure class=\"wp-block-image size-full\"><img loading=\"lazy\" decoding=\"async\" width=\"768\" height=\"1024\" src=\"https:\/\/cptsdracenie.fr\/wp-content\/uploads\/2023\/03\/WhatsApp-Image-2023-03-16-a-09.59.28.jpg\" alt=\"\" class=\"wp-image-8214\" srcset=\"https:\/\/cptsdracenie.fr\/wp-content\/uploads\/2023\/03\/WhatsApp-Image-2023-03-16-a-09.59.28.jpg 768w, https:\/\/cptsdracenie.fr\/wp-content\/uploads\/2023\/03\/WhatsApp-Image-2023-03-16-a-09.59.28-225x300.jpg 225w\" sizes=\"auto, (max-width: 768px) 100vw, 768px\" \/><\/figure>\n<\/div>\n\n\n\n<div class=\"wp-block-column is-layout-flow wp-block-column-is-layout-flow\">\n<figure class=\"wp-block-image size-large\"><img loading=\"lazy\" decoding=\"async\" width=\"1024\" height=\"768\" src=\"https:\/\/cptsdracenie.fr\/wp-content\/uploads\/2023\/03\/WhatsApp-Image-2023-03-16-a-09.54.04-1024x768.jpg\" alt=\"\" class=\"wp-image-8215\" srcset=\"https:\/\/cptsdracenie.fr\/wp-content\/uploads\/2023\/03\/WhatsApp-Image-2023-03-16-a-09.54.04-1024x768.jpg 1024w, https:\/\/cptsdracenie.fr\/wp-content\/uploads\/2023\/03\/WhatsApp-Image-2023-03-16-a-09.54.04-300x225.jpg 300w, https:\/\/cptsdracenie.fr\/wp-content\/uploads\/2023\/03\/WhatsApp-Image-2023-03-16-a-09.54.04-768x576.jpg 768w, https:\/\/cptsdracenie.fr\/wp-content\/uploads\/2023\/03\/WhatsApp-Image-2023-03-16-a-09.54.04-1536x1152.jpg 1536w, https:\/\/cptsdracenie.fr\/wp-content\/uploads\/2023\/03\/WhatsApp-Image-2023-03-16-a-09.54.04.jpg 1600w\" sizes=\"auto, (max-width: 1024px) 100vw, 1024px\" \/><\/figure>\n<\/div>\n<\/div>\n","protected":false},"excerpt":{"rendered":"<p>Ce jeudi matin, la pharmacie du Plan, au centre commercial de Trans-en-Provence, en partenariat avec la CPTS, a mis en place un stand de sensibilisation et d&rsquo;information sur le cancer colorectal. Pour rappel, le mois de mars (Mars bleu) a \u00e9t\u00e9 choisi il y a 15 ans pour d\u00e9ployer une campagne nationale contre le cancer [&hellip;]<\/p>\n","protected":false},"author":1,"featured_media":8211,"comment_status":"closed","ping_status":"closed","sticky":false,"template":"","format":"standard","meta":{"footnotes":""},"categories":[27,24],"tags":[],"class_list":["post-8210","post","type-post","status-publish","format-standard","has-post-thumbnail","hentry","category-informations","category-gt-prevention"],"yoast_head":"<!-- This site is optimized with the Yoast SEO plugin v27.5 - https:\/\/yoast.com\/product\/yoast-seo-wordpress\/ -->\n<title>Sensibilisation sur le cancer colorectal \u00e0 la Pharmacie du Plan &#8211; Communaut\u00e9 Professionnelle Territoriale de Sant\u00e9 Drac\u00e9nie Provence Verdon<\/title>\n<meta name=\"description\" content=\"Ce jeudi matin, la pharmacie du Plan, en partenariat avec la CPTS, a mis en place un stand de sensibilisation sur le cancer colorectal.\" \/>\n<meta name=\"robots\" content=\"index, follow, max-snippet:-1, max-image-preview:large, max-video-preview:-1\" \/>\n<link rel=\"canonical\" href=\"https:\/\/cptsdracenie.fr\/index.php\/2023\/03\/16\/stand-de-sensibilisation-a-la-pharmacie-du-plan\/\" \/>\n<meta property=\"og:locale\" content=\"fr_FR\" \/>\n<meta property=\"og:type\" content=\"article\" \/>\n<meta property=\"og:title\" content=\"Sensibilisation sur le cancer colorectal \u00e0 la Pharmacie du Plan &#8211; Communaut\u00e9 Professionnelle Territoriale de Sant\u00e9 Drac\u00e9nie Provence Verdon\" \/>\n<meta property=\"og:description\" content=\"Ce jeudi matin, la pharmacie du Plan, en partenariat avec la CPTS, a mis en place un stand de sensibilisation sur le cancer colorectal.\" \/>\n<meta property=\"og:url\" content=\"https:\/\/cptsdracenie.fr\/index.php\/2023\/03\/16\/stand-de-sensibilisation-a-la-pharmacie-du-plan\/\" \/>\n<meta property=\"og:site_name\" content=\"Communaut\u00e9 Professionnelle Territoriale de Sant\u00e9 Drac\u00e9nie Provence Verdon\" \/>\n<meta property=\"article:publisher\" content=\"https:\/\/www.facebook.com\/CPTSDPV\/\" \/>\n<meta property=\"article:published_time\" content=\"2023-03-16T11:37:11+00:00\" \/>\n<meta property=\"article:modified_time\" content=\"2023-03-16T11:39:35+00:00\" \/>\n<meta property=\"og:image\" content=\"https:\/\/cptsdracenie.fr\/wp-content\/uploads\/2023\/03\/WhatsApp-Image-2023-03-16-a-09.53.57.jpg\" \/>\n\t<meta property=\"og:image:width\" content=\"1600\" \/>\n\t<meta property=\"og:image:height\" content=\"1200\" \/>\n\t<meta property=\"og:image:type\" content=\"image\/jpeg\" \/>\n<meta name=\"author\" content=\"admin3616\" \/>\n<meta name=\"twitter:card\" content=\"summary_large_image\" \/>\n<meta name=\"twitter:label1\" content=\"\u00c9crit par\" \/>\n\t<meta name=\"twitter:data1\" content=\"admin3616\" \/>\n\t<meta name=\"twitter:label2\" content=\"Dur\u00e9e de lecture estim\u00e9e\" \/>\n\t<meta name=\"twitter:data2\" content=\"2 minutes\" \/>\n<script type=\"application\/ld+json\" class=\"yoast-schema-graph\">{\"@context\":\"https:\\\/\\\/schema.org\",\"@graph\":[{\"@type\":\"Article\",\"@id\":\"https:\\\/\\\/cptsdracenie.fr\\\/index.php\\\/2023\\\/03\\\/16\\\/stand-de-sensibilisation-a-la-pharmacie-du-plan\\\/#article\",\"isPartOf\":{\"@id\":\"https:\\\/\\\/cptsdracenie.fr\\\/index.php\\\/2023\\\/03\\\/16\\\/stand-de-sensibilisation-a-la-pharmacie-du-plan\\\/\"},\"author\":{\"name\":\"admin3616\",\"@id\":\"https:\\\/\\\/cptsdracenie.fr\\\/#\\\/schema\\\/person\\\/5e8dad6c13b12c27c2c19a8e30ad1033\"},\"headline\":\"Sensibilisation sur le cancer colorectal \u00e0 la Pharmacie du Plan\",\"datePublished\":\"2023-03-16T11:37:11+00:00\",\"dateModified\":\"2023-03-16T11:39:35+00:00\",\"mainEntityOfPage\":{\"@id\":\"https:\\\/\\\/cptsdracenie.fr\\\/index.php\\\/2023\\\/03\\\/16\\\/stand-de-sensibilisation-a-la-pharmacie-du-plan\\\/\"},\"wordCount\":134,\"publisher\":{\"@id\":\"https:\\\/\\\/cptsdracenie.fr\\\/#organization\"},\"image\":{\"@id\":\"https:\\\/\\\/cptsdracenie.fr\\\/index.php\\\/2023\\\/03\\\/16\\\/stand-de-sensibilisation-a-la-pharmacie-du-plan\\\/#primaryimage\"},\"thumbnailUrl\":\"https:\\\/\\\/cptsdracenie.fr\\\/wp-content\\\/uploads\\\/2023\\\/03\\\/WhatsApp-Image-2023-03-16-a-09.53.57.jpg\",\"articleSection\":[\"Informations g\u00e9n\u00e9rale\",\"Pr\u00e9vention\"],\"inLanguage\":\"fr-FR\"},{\"@type\":\"WebPage\",\"@id\":\"https:\\\/\\\/cptsdracenie.fr\\\/index.php\\\/2023\\\/03\\\/16\\\/stand-de-sensibilisation-a-la-pharmacie-du-plan\\\/\",\"url\":\"https:\\\/\\\/cptsdracenie.fr\\\/index.php\\\/2023\\\/03\\\/16\\\/stand-de-sensibilisation-a-la-pharmacie-du-plan\\\/\",\"name\":\"Sensibilisation sur le cancer colorectal \u00e0 la Pharmacie du Plan &#8211; Communaut\u00e9 Professionnelle Territoriale de Sant\u00e9 Drac\u00e9nie Provence Verdon\",\"isPartOf\":{\"@id\":\"https:\\\/\\\/cptsdracenie.fr\\\/#website\"},\"primaryImageOfPage\":{\"@id\":\"https:\\\/\\\/cptsdracenie.fr\\\/index.php\\\/2023\\\/03\\\/16\\\/stand-de-sensibilisation-a-la-pharmacie-du-plan\\\/#primaryimage\"},\"image\":{\"@id\":\"https:\\\/\\\/cptsdracenie.fr\\\/index.php\\\/2023\\\/03\\\/16\\\/stand-de-sensibilisation-a-la-pharmacie-du-plan\\\/#primaryimage\"},\"thumbnailUrl\":\"https:\\\/\\\/cptsdracenie.fr\\\/wp-content\\\/uploads\\\/2023\\\/03\\\/WhatsApp-Image-2023-03-16-a-09.53.57.jpg\",\"datePublished\":\"2023-03-16T11:37:11+00:00\",\"dateModified\":\"2023-03-16T11:39:35+00:00\",\"description\":\"Ce jeudi matin, la pharmacie du Plan, en partenariat avec la CPTS, a mis en place un stand de sensibilisation sur le cancer colorectal.\",\"breadcrumb\":{\"@id\":\"https:\\\/\\\/cptsdracenie.fr\\\/index.php\\\/2023\\\/03\\\/16\\\/stand-de-sensibilisation-a-la-pharmacie-du-plan\\\/#breadcrumb\"},\"inLanguage\":\"fr-FR\",\"potentialAction\":[{\"@type\":\"ReadAction\",\"target\":[\"https:\\\/\\\/cptsdracenie.fr\\\/index.php\\\/2023\\\/03\\\/16\\\/stand-de-sensibilisation-a-la-pharmacie-du-plan\\\/\"]}]},{\"@type\":\"ImageObject\",\"inLanguage\":\"fr-FR\",\"@id\":\"https:\\\/\\\/cptsdracenie.fr\\\/index.php\\\/2023\\\/03\\\/16\\\/stand-de-sensibilisation-a-la-pharmacie-du-plan\\\/#primaryimage\",\"url\":\"https:\\\/\\\/cptsdracenie.fr\\\/wp-content\\\/uploads\\\/2023\\\/03\\\/WhatsApp-Image-2023-03-16-a-09.53.57.jpg\",\"contentUrl\":\"https:\\\/\\\/cptsdracenie.fr\\\/wp-content\\\/uploads\\\/2023\\\/03\\\/WhatsApp-Image-2023-03-16-a-09.53.57.jpg\",\"width\":1600,\"height\":1200},{\"@type\":\"BreadcrumbList\",\"@id\":\"https:\\\/\\\/cptsdracenie.fr\\\/index.php\\\/2023\\\/03\\\/16\\\/stand-de-sensibilisation-a-la-pharmacie-du-plan\\\/#breadcrumb\",\"itemListElement\":[{\"@type\":\"ListItem\",\"position\":1,\"name\":\"Accueil\",\"item\":\"https:\\\/\\\/cptsdracenie.fr\\\/\"},{\"@type\":\"ListItem\",\"position\":2,\"name\":\"Sensibilisation sur le cancer colorectal \u00e0 la Pharmacie du Plan\"}]},{\"@type\":\"WebSite\",\"@id\":\"https:\\\/\\\/cptsdracenie.fr\\\/#website\",\"url\":\"https:\\\/\\\/cptsdracenie.fr\\\/\",\"name\":\"CPTS DPV\",\"description\":\" CPTS Drac\u00e9nie Provence Verdon\",\"publisher\":{\"@id\":\"https:\\\/\\\/cptsdracenie.fr\\\/#organization\"},\"potentialAction\":[{\"@type\":\"SearchAction\",\"target\":{\"@type\":\"EntryPoint\",\"urlTemplate\":\"https:\\\/\\\/cptsdracenie.fr\\\/?s={search_term_string}\"},\"query-input\":{\"@type\":\"PropertyValueSpecification\",\"valueRequired\":true,\"valueName\":\"search_term_string\"}}],\"inLanguage\":\"fr-FR\"},{\"@type\":\"Organization\",\"@id\":\"https:\\\/\\\/cptsdracenie.fr\\\/#organization\",\"name\":\"CPTS Drac\u00e9nie-Provence-Verdon\",\"url\":\"https:\\\/\\\/cptsdracenie.fr\\\/\",\"logo\":{\"@type\":\"ImageObject\",\"inLanguage\":\"fr-FR\",\"@id\":\"https:\\\/\\\/cptsdracenie.fr\\\/#\\\/schema\\\/logo\\\/image\\\/\",\"url\":\"https:\\\/\\\/cptsdracenie.fr\\\/wp-content\\\/uploads\\\/2020\\\/01\\\/CPTS-version-2-blanc.png\",\"contentUrl\":\"https:\\\/\\\/cptsdracenie.fr\\\/wp-content\\\/uploads\\\/2020\\\/01\\\/CPTS-version-2-blanc.png\",\"width\":200,\"height\":200,\"caption\":\"CPTS Drac\u00e9nie-Provence-Verdon\"},\"image\":{\"@id\":\"https:\\\/\\\/cptsdracenie.fr\\\/#\\\/schema\\\/logo\\\/image\\\/\"},\"sameAs\":[\"https:\\\/\\\/www.facebook.com\\\/CPTSDPV\\\/\",\"https:\\\/\\\/www.linkedin.com\\\/company\\\/cpts-drac\u00e9nie-provence-verdon\\\/\"]},{\"@type\":\"Person\",\"@id\":\"https:\\\/\\\/cptsdracenie.fr\\\/#\\\/schema\\\/person\\\/5e8dad6c13b12c27c2c19a8e30ad1033\",\"name\":\"admin3616\",\"image\":{\"@type\":\"ImageObject\",\"inLanguage\":\"fr-FR\",\"@id\":\"https:\\\/\\\/secure.gravatar.com\\\/avatar\\\/f8b04cb7d4761647a9b275540c35d016b876dd8b19911751d862cb3a24a19aaf?s=96&d=mm&r=g\",\"url\":\"https:\\\/\\\/secure.gravatar.com\\\/avatar\\\/f8b04cb7d4761647a9b275540c35d016b876dd8b19911751d862cb3a24a19aaf?s=96&d=mm&r=g\",\"contentUrl\":\"https:\\\/\\\/secure.gravatar.com\\\/avatar\\\/f8b04cb7d4761647a9b275540c35d016b876dd8b19911751d862cb3a24a19aaf?s=96&d=mm&r=g\",\"caption\":\"admin3616\"},\"url\":\"https:\\\/\\\/cptsdracenie.fr\\\/index.php\\\/author\\\/admin3616\\\/\"}]}<\/script>\n<!-- \/ Yoast SEO plugin. -->","yoast_head_json":{"title":"Sensibilisation sur le cancer colorectal \u00e0 la Pharmacie du Plan &#8211; Communaut\u00e9 Professionnelle Territoriale de Sant\u00e9 Drac\u00e9nie Provence Verdon","description":"Ce jeudi matin, la pharmacie du Plan, en partenariat avec la CPTS, a mis en place un stand de sensibilisation sur le cancer colorectal.","robots":{"index":"index","follow":"follow","max-snippet":"max-snippet:-1","max-image-preview":"max-image-preview:large","max-video-preview":"max-video-preview:-1"},"canonical":"https:\/\/cptsdracenie.fr\/index.php\/2023\/03\/16\/stand-de-sensibilisation-a-la-pharmacie-du-plan\/","og_locale":"fr_FR","og_type":"article","og_title":"Sensibilisation sur le cancer colorectal \u00e0 la Pharmacie du Plan &#8211; Communaut\u00e9 Professionnelle Territoriale de Sant\u00e9 Drac\u00e9nie Provence Verdon","og_description":"Ce jeudi matin, la pharmacie du Plan, en partenariat avec la CPTS, a mis en place un stand de sensibilisation sur le cancer colorectal.","og_url":"https:\/\/cptsdracenie.fr\/index.php\/2023\/03\/16\/stand-de-sensibilisation-a-la-pharmacie-du-plan\/","og_site_name":"Communaut\u00e9 Professionnelle Territoriale de Sant\u00e9 Drac\u00e9nie Provence Verdon","article_publisher":"https:\/\/www.facebook.com\/CPTSDPV\/","article_published_time":"2023-03-16T11:37:11+00:00","article_modified_time":"2023-03-16T11:39:35+00:00","og_image":[{"width":1600,"height":1200,"url":"https:\/\/cptsdracenie.fr\/wp-content\/uploads\/2023\/03\/WhatsApp-Image-2023-03-16-a-09.53.57.jpg","type":"image\/jpeg"}],"author":"admin3616","twitter_card":"summary_large_image","twitter_misc":{"\u00c9crit par":"admin3616","Dur\u00e9e de lecture estim\u00e9e":"2 minutes"},"schema":{"@context":"https:\/\/schema.org","@graph":[{"@type":"Article","@id":"https:\/\/cptsdracenie.fr\/index.php\/2023\/03\/16\/stand-de-sensibilisation-a-la-pharmacie-du-plan\/#article","isPartOf":{"@id":"https:\/\/cptsdracenie.fr\/index.php\/2023\/03\/16\/stand-de-sensibilisation-a-la-pharmacie-du-plan\/"},"author":{"name":"admin3616","@id":"https:\/\/cptsdracenie.fr\/#\/schema\/person\/5e8dad6c13b12c27c2c19a8e30ad1033"},"headline":"Sensibilisation sur le cancer colorectal \u00e0 la Pharmacie du Plan","datePublished":"2023-03-16T11:37:11+00:00","dateModified":"2023-03-16T11:39:35+00:00","mainEntityOfPage":{"@id":"https:\/\/cptsdracenie.fr\/index.php\/2023\/03\/16\/stand-de-sensibilisation-a-la-pharmacie-du-plan\/"},"wordCount":134,"publisher":{"@id":"https:\/\/cptsdracenie.fr\/#organization"},"image":{"@id":"https:\/\/cptsdracenie.fr\/index.php\/2023\/03\/16\/stand-de-sensibilisation-a-la-pharmacie-du-plan\/#primaryimage"},"thumbnailUrl":"https:\/\/cptsdracenie.fr\/wp-content\/uploads\/2023\/03\/WhatsApp-Image-2023-03-16-a-09.53.57.jpg","articleSection":["Informations g\u00e9n\u00e9rale","Pr\u00e9vention"],"inLanguage":"fr-FR"},{"@type":"WebPage","@id":"https:\/\/cptsdracenie.fr\/index.php\/2023\/03\/16\/stand-de-sensibilisation-a-la-pharmacie-du-plan\/","url":"https:\/\/cptsdracenie.fr\/index.php\/2023\/03\/16\/stand-de-sensibilisation-a-la-pharmacie-du-plan\/","name":"Sensibilisation sur le cancer colorectal \u00e0 la Pharmacie du Plan &#8211; Communaut\u00e9 Professionnelle Territoriale de Sant\u00e9 Drac\u00e9nie Provence Verdon","isPartOf":{"@id":"https:\/\/cptsdracenie.fr\/#website"},"primaryImageOfPage":{"@id":"https:\/\/cptsdracenie.fr\/index.php\/2023\/03\/16\/stand-de-sensibilisation-a-la-pharmacie-du-plan\/#primaryimage"},"image":{"@id":"https:\/\/cptsdracenie.fr\/index.php\/2023\/03\/16\/stand-de-sensibilisation-a-la-pharmacie-du-plan\/#primaryimage"},"thumbnailUrl":"https:\/\/cptsdracenie.fr\/wp-content\/uploads\/2023\/03\/WhatsApp-Image-2023-03-16-a-09.53.57.jpg","datePublished":"2023-03-16T11:37:11+00:00","dateModified":"2023-03-16T11:39:35+00:00","description":"Ce jeudi matin, la pharmacie du Plan, en partenariat avec la CPTS, a mis en place un stand de sensibilisation sur le cancer colorectal.","breadcrumb":{"@id":"https:\/\/cptsdracenie.fr\/index.php\/2023\/03\/16\/stand-de-sensibilisation-a-la-pharmacie-du-plan\/#breadcrumb"},"inLanguage":"fr-FR","potentialAction":[{"@type":"ReadAction","target":["https:\/\/cptsdracenie.fr\/index.php\/2023\/03\/16\/stand-de-sensibilisation-a-la-pharmacie-du-plan\/"]}]},{"@type":"ImageObject","inLanguage":"fr-FR","@id":"https:\/\/cptsdracenie.fr\/index.php\/2023\/03\/16\/stand-de-sensibilisation-a-la-pharmacie-du-plan\/#primaryimage","url":"https:\/\/cptsdracenie.fr\/wp-content\/uploads\/2023\/03\/WhatsApp-Image-2023-03-16-a-09.53.57.jpg","contentUrl":"https:\/\/cptsdracenie.fr\/wp-content\/uploads\/2023\/03\/WhatsApp-Image-2023-03-16-a-09.53.57.jpg","width":1600,"height":1200},{"@type":"BreadcrumbList","@id":"https:\/\/cptsdracenie.fr\/index.php\/2023\/03\/16\/stand-de-sensibilisation-a-la-pharmacie-du-plan\/#breadcrumb","itemListElement":[{"@type":"ListItem","position":1,"name":"Accueil","item":"https:\/\/cptsdracenie.fr\/"},{"@type":"ListItem","position":2,"name":"Sensibilisation sur le cancer colorectal \u00e0 la Pharmacie du Plan"}]},{"@type":"WebSite","@id":"https:\/\/cptsdracenie.fr\/#website","url":"https:\/\/cptsdracenie.fr\/","name":"CPTS DPV","description":" CPTS Drac\u00e9nie Provence Verdon","publisher":{"@id":"https:\/\/cptsdracenie.fr\/#organization"},"potentialAction":[{"@type":"SearchAction","target":{"@type":"EntryPoint","urlTemplate":"https:\/\/cptsdracenie.fr\/?s={search_term_string}"},"query-input":{"@type":"PropertyValueSpecification","valueRequired":true,"valueName":"search_term_string"}}],"inLanguage":"fr-FR"},{"@type":"Organization","@id":"https:\/\/cptsdracenie.fr\/#organization","name":"CPTS Drac\u00e9nie-Provence-Verdon","url":"https:\/\/cptsdracenie.fr\/","logo":{"@type":"ImageObject","inLanguage":"fr-FR","@id":"https:\/\/cptsdracenie.fr\/#\/schema\/logo\/image\/","url":"https:\/\/cptsdracenie.fr\/wp-content\/uploads\/2020\/01\/CPTS-version-2-blanc.png","contentUrl":"https:\/\/cptsdracenie.fr\/wp-content\/uploads\/2020\/01\/CPTS-version-2-blanc.png","width":200,"height":200,"caption":"CPTS Drac\u00e9nie-Provence-Verdon"},"image":{"@id":"https:\/\/cptsdracenie.fr\/#\/schema\/logo\/image\/"},"sameAs":["https:\/\/www.facebook.com\/CPTSDPV\/","https:\/\/www.linkedin.com\/company\/cpts-drac\u00e9nie-provence-verdon\/"]},{"@type":"Person","@id":"https:\/\/cptsdracenie.fr\/#\/schema\/person\/5e8dad6c13b12c27c2c19a8e30ad1033","name":"admin3616","image":{"@type":"ImageObject","inLanguage":"fr-FR","@id":"https:\/\/secure.gravatar.com\/avatar\/f8b04cb7d4761647a9b275540c35d016b876dd8b19911751d862cb3a24a19aaf?s=96&d=mm&r=g","url":"https:\/\/secure.gravatar.com\/avatar\/f8b04cb7d4761647a9b275540c35d016b876dd8b19911751d862cb3a24a19aaf?s=96&d=mm&r=g","contentUrl":"https:\/\/secure.gravatar.com\/avatar\/f8b04cb7d4761647a9b275540c35d016b876dd8b19911751d862cb3a24a19aaf?s=96&d=mm&r=g","caption":"admin3616"},"url":"https:\/\/cptsdracenie.fr\/index.php\/author\/admin3616\/"}]}},"_links":{"self":[{"href":"https:\/\/cptsdracenie.fr\/index.php\/wp-json\/wp\/v2\/posts\/8210","targetHints":{"allow":["GET"]}}],"collection":[{"href":"https:\/\/cptsdracenie.fr\/index.php\/wp-json\/wp\/v2\/posts"}],"about":[{"href":"https:\/\/cptsdracenie.fr\/index.php\/wp-json\/wp\/v2\/types\/post"}],"author":[{"embeddable":true,"href":"https:\/\/cptsdracenie.fr\/index.php\/wp-json\/wp\/v2\/users\/1"}],"replies":[{"embeddable":true,"href":"https:\/\/cptsdracenie.fr\/index.php\/wp-json\/wp\/v2\/comments?post=8210"}],"version-history":[{"count":5,"href":"https:\/\/cptsdracenie.fr\/index.php\/wp-json\/wp\/v2\/posts\/8210\/revisions"}],"predecessor-version":[{"id":8222,"href":"https:\/\/cptsdracenie.fr\/index.php\/wp-json\/wp\/v2\/posts\/8210\/revisions\/8222"}],"wp:featuredmedia":[{"embeddable":true,"href":"https:\/\/cptsdracenie.fr\/index.php\/wp-json\/wp\/v2\/media\/8211"}],"wp:attachment":[{"href":"https:\/\/cptsdracenie.fr\/index.php\/wp-json\/wp\/v2\/media?parent=8210"}],"wp:term":[{"taxonomy":"category","embeddable":true,"href":"https:\/\/cptsdracenie.fr\/index.php\/wp-json\/wp\/v2\/categories?post=8210"},{"taxonomy":"post_tag","embeddable":true,"href":"https:\/\/cptsdracenie.fr\/index.php\/wp-json\/wp\/v2\/tags?post=8210"}],"curies":[{"name":"wp","href":"https:\/\/api.w.org\/{rel}","templated":true}]}}