{"id":8603,"date":"2023-04-18T09:39:51","date_gmt":"2023-04-18T07:39:51","guid":{"rendered":"https:\/\/cptsdracenie.fr\/?p=8603"},"modified":"2023-05-12T11:11:24","modified_gmt":"2023-05-12T09:11:24","slug":"arcafevisio-2","status":"publish","type":"post","link":"https:\/\/cptsdracenie.fr\/index.php\/2023\/04\/18\/arcafevisio-2\/","title":{"rendered":"ARCA&rsquo;f\u00e9[Visio"},"content":{"rendered":"\n<p>L&rsquo;ARCA SUD vous propose de vous joindre \u00e0 eux, le 09 mai, de 08h00 \u00e0 09h00.<\/p>\n\n\n\n<p>Le th\u00e8me de cette visioconf\u00e9rence sera \u00ab\u00a0Traitements de substitution aux opiac\u00e9s (TSO)\u00a0\u00bb avec le Dr Olive Riccobono-Soulier, m\u00e9decin coordonnateur CSAPA d&rsquo;Avignon (<a href=\"https:\/\/www.linkedin.com\/company\/association-addictions-france\/\">Association Addictions France<\/a>) et le Dr Michel Cadart, m\u00e9decin addictologue r\u00e9f\u00e9rent\u00a0<a href=\"https:\/\/www.linkedin.com\/company\/arca-sud\/\">ARCA Sud<\/a><\/p>\n\n\n\n<p>Les inscriptions sont gratuites.<\/p>\n\n\n<div class=\"wp-block-image\">\n<figure class=\"aligncenter size-full\"><img loading=\"lazy\" decoding=\"async\" width=\"775\" height=\"395\" src=\"https:\/\/cptsdracenie.fr\/wp-content\/uploads\/2023\/03\/cafe.jpg\" alt=\"\" class=\"wp-image-8180\" srcset=\"https:\/\/cptsdracenie.fr\/wp-content\/uploads\/2023\/03\/cafe.jpg 775w, https:\/\/cptsdracenie.fr\/wp-content\/uploads\/2023\/03\/cafe-300x153.jpg 300w, https:\/\/cptsdracenie.fr\/wp-content\/uploads\/2023\/03\/cafe-768x391.jpg 768w\" sizes=\"auto, (max-width: 775px) 100vw, 775px\" \/><\/figure>\n<\/div>","protected":false},"excerpt":{"rendered":"<p>L&rsquo;ARCA SUD vous propose de vous joindre \u00e0 eux, le 09 mai, de 08h00 \u00e0 09h00. Le th\u00e8me de cette visioconf\u00e9rence sera \u00ab\u00a0Traitements de substitution aux opiac\u00e9s (TSO)\u00a0\u00bb avec le Dr Olive Riccobono-Soulier, m\u00e9decin coordonnateur CSAPA d&rsquo;Avignon (Association Addictions France) et le Dr Michel Cadart, m\u00e9decin addictologue r\u00e9f\u00e9rent\u00a0ARCA Sud Les inscriptions sont gratuites.<\/p>\n","protected":false},"author":1,"featured_media":8180,"comment_status":"closed","ping_status":"closed","sticky":false,"template":"","format":"standard","meta":{"footnotes":""},"categories":[27,8],"tags":[],"class_list":["post-8603","post","type-post","status-publish","format-standard","has-post-thumbnail","hentry","category-informations","category-medecine"],"yoast_head":"<!-- This site is optimized with the Yoast SEO plugin v27.5 - https:\/\/yoast.com\/product\/yoast-seo-wordpress\/ -->\n<title>ARCA&#039;f\u00e9[Visio &#8211; Communaut\u00e9 Professionnelle Territoriale de Sant\u00e9 Drac\u00e9nie Provence Verdon<\/title>\n<meta name=\"description\" content=\"L&#039;ARCA SUD vous propose de vous joindre \u00e0 eux \u00e0 une visioconf\u00e9rence ayant pour th\u00e8me &quot;Traitements de substitution aux opiac\u00e9s&quot;\" \/>\n<meta name=\"robots\" content=\"index, follow, max-snippet:-1, max-image-preview:large, max-video-preview:-1\" \/>\n<link rel=\"canonical\" href=\"https:\/\/cptsdracenie.fr\/index.php\/2023\/04\/18\/arcafevisio-2\/\" \/>\n<meta property=\"og:locale\" content=\"fr_FR\" \/>\n<meta property=\"og:type\" content=\"article\" \/>\n<meta property=\"og:title\" content=\"ARCA&#039;f\u00e9[Visio &#8211; Communaut\u00e9 Professionnelle Territoriale de Sant\u00e9 Drac\u00e9nie Provence Verdon\" \/>\n<meta property=\"og:description\" content=\"L&#039;ARCA SUD vous propose de vous joindre \u00e0 eux \u00e0 une visioconf\u00e9rence ayant pour th\u00e8me &quot;Traitements de substitution aux opiac\u00e9s&quot;\" \/>\n<meta property=\"og:url\" content=\"https:\/\/cptsdracenie.fr\/index.php\/2023\/04\/18\/arcafevisio-2\/\" \/>\n<meta property=\"og:site_name\" content=\"Communaut\u00e9 Professionnelle Territoriale de Sant\u00e9 Drac\u00e9nie Provence Verdon\" \/>\n<meta property=\"article:publisher\" content=\"https:\/\/www.facebook.com\/CPTSDPV\/\" \/>\n<meta property=\"article:published_time\" content=\"2023-04-18T07:39:51+00:00\" \/>\n<meta property=\"article:modified_time\" content=\"2023-05-12T09:11:24+00:00\" \/>\n<meta property=\"og:image\" content=\"https:\/\/cptsdracenie.fr\/wp-content\/uploads\/2023\/03\/cafe.jpg\" \/>\n\t<meta property=\"og:image:width\" content=\"775\" \/>\n\t<meta property=\"og:image:height\" content=\"395\" \/>\n\t<meta property=\"og:image:type\" content=\"image\/jpeg\" \/>\n<meta name=\"author\" content=\"admin3616\" \/>\n<meta name=\"twitter:card\" content=\"summary_large_image\" \/>\n<meta name=\"twitter:label1\" content=\"\u00c9crit par\" \/>\n\t<meta name=\"twitter:data1\" content=\"admin3616\" \/>\n\t<meta name=\"twitter:label2\" content=\"Dur\u00e9e de lecture estim\u00e9e\" \/>\n\t<meta name=\"twitter:data2\" content=\"1 minute\" \/>\n<script type=\"application\/ld+json\" class=\"yoast-schema-graph\">{\"@context\":\"https:\\\/\\\/schema.org\",\"@graph\":[{\"@type\":\"Article\",\"@id\":\"https:\\\/\\\/cptsdracenie.fr\\\/index.php\\\/2023\\\/04\\\/18\\\/arcafevisio-2\\\/#article\",\"isPartOf\":{\"@id\":\"https:\\\/\\\/cptsdracenie.fr\\\/index.php\\\/2023\\\/04\\\/18\\\/arcafevisio-2\\\/\"},\"author\":{\"name\":\"admin3616\",\"@id\":\"https:\\\/\\\/cptsdracenie.fr\\\/#\\\/schema\\\/person\\\/5e8dad6c13b12c27c2c19a8e30ad1033\"},\"headline\":\"ARCA&rsquo;f\u00e9[Visio\",\"datePublished\":\"2023-04-18T07:39:51+00:00\",\"dateModified\":\"2023-05-12T09:11:24+00:00\",\"mainEntityOfPage\":{\"@id\":\"https:\\\/\\\/cptsdracenie.fr\\\/index.php\\\/2023\\\/04\\\/18\\\/arcafevisio-2\\\/\"},\"wordCount\":63,\"publisher\":{\"@id\":\"https:\\\/\\\/cptsdracenie.fr\\\/#organization\"},\"image\":{\"@id\":\"https:\\\/\\\/cptsdracenie.fr\\\/index.php\\\/2023\\\/04\\\/18\\\/arcafevisio-2\\\/#primaryimage\"},\"thumbnailUrl\":\"https:\\\/\\\/cptsdracenie.fr\\\/wp-content\\\/uploads\\\/2023\\\/03\\\/cafe.jpg\",\"articleSection\":[\"Informations g\u00e9n\u00e9rale\",\"Medecine\"],\"inLanguage\":\"fr-FR\"},{\"@type\":\"WebPage\",\"@id\":\"https:\\\/\\\/cptsdracenie.fr\\\/index.php\\\/2023\\\/04\\\/18\\\/arcafevisio-2\\\/\",\"url\":\"https:\\\/\\\/cptsdracenie.fr\\\/index.php\\\/2023\\\/04\\\/18\\\/arcafevisio-2\\\/\",\"name\":\"ARCA'f\u00e9[Visio &#8211; Communaut\u00e9 Professionnelle Territoriale de Sant\u00e9 Drac\u00e9nie Provence Verdon\",\"isPartOf\":{\"@id\":\"https:\\\/\\\/cptsdracenie.fr\\\/#website\"},\"primaryImageOfPage\":{\"@id\":\"https:\\\/\\\/cptsdracenie.fr\\\/index.php\\\/2023\\\/04\\\/18\\\/arcafevisio-2\\\/#primaryimage\"},\"image\":{\"@id\":\"https:\\\/\\\/cptsdracenie.fr\\\/index.php\\\/2023\\\/04\\\/18\\\/arcafevisio-2\\\/#primaryimage\"},\"thumbnailUrl\":\"https:\\\/\\\/cptsdracenie.fr\\\/wp-content\\\/uploads\\\/2023\\\/03\\\/cafe.jpg\",\"datePublished\":\"2023-04-18T07:39:51+00:00\",\"dateModified\":\"2023-05-12T09:11:24+00:00\",\"description\":\"L'ARCA SUD vous propose de vous joindre \u00e0 eux \u00e0 une visioconf\u00e9rence ayant pour th\u00e8me \\\"Traitements de substitution aux opiac\u00e9s\\\"\",\"breadcrumb\":{\"@id\":\"https:\\\/\\\/cptsdracenie.fr\\\/index.php\\\/2023\\\/04\\\/18\\\/arcafevisio-2\\\/#breadcrumb\"},\"inLanguage\":\"fr-FR\",\"potentialAction\":[{\"@type\":\"ReadAction\",\"target\":[\"https:\\\/\\\/cptsdracenie.fr\\\/index.php\\\/2023\\\/04\\\/18\\\/arcafevisio-2\\\/\"]}]},{\"@type\":\"ImageObject\",\"inLanguage\":\"fr-FR\",\"@id\":\"https:\\\/\\\/cptsdracenie.fr\\\/index.php\\\/2023\\\/04\\\/18\\\/arcafevisio-2\\\/#primaryimage\",\"url\":\"https:\\\/\\\/cptsdracenie.fr\\\/wp-content\\\/uploads\\\/2023\\\/03\\\/cafe.jpg\",\"contentUrl\":\"https:\\\/\\\/cptsdracenie.fr\\\/wp-content\\\/uploads\\\/2023\\\/03\\\/cafe.jpg\",\"width\":775,\"height\":395},{\"@type\":\"BreadcrumbList\",\"@id\":\"https:\\\/\\\/cptsdracenie.fr\\\/index.php\\\/2023\\\/04\\\/18\\\/arcafevisio-2\\\/#breadcrumb\",\"itemListElement\":[{\"@type\":\"ListItem\",\"position\":1,\"name\":\"Accueil\",\"item\":\"https:\\\/\\\/cptsdracenie.fr\\\/\"},{\"@type\":\"ListItem\",\"position\":2,\"name\":\"ARCA&rsquo;f\u00e9[Visio\"}]},{\"@type\":\"WebSite\",\"@id\":\"https:\\\/\\\/cptsdracenie.fr\\\/#website\",\"url\":\"https:\\\/\\\/cptsdracenie.fr\\\/\",\"name\":\"CPTS DPV\",\"description\":\" CPTS Drac\u00e9nie Provence Verdon\",\"publisher\":{\"@id\":\"https:\\\/\\\/cptsdracenie.fr\\\/#organization\"},\"potentialAction\":[{\"@type\":\"SearchAction\",\"target\":{\"@type\":\"EntryPoint\",\"urlTemplate\":\"https:\\\/\\\/cptsdracenie.fr\\\/?s={search_term_string}\"},\"query-input\":{\"@type\":\"PropertyValueSpecification\",\"valueRequired\":true,\"valueName\":\"search_term_string\"}}],\"inLanguage\":\"fr-FR\"},{\"@type\":\"Organization\",\"@id\":\"https:\\\/\\\/cptsdracenie.fr\\\/#organization\",\"name\":\"CPTS Drac\u00e9nie-Provence-Verdon\",\"url\":\"https:\\\/\\\/cptsdracenie.fr\\\/\",\"logo\":{\"@type\":\"ImageObject\",\"inLanguage\":\"fr-FR\",\"@id\":\"https:\\\/\\\/cptsdracenie.fr\\\/#\\\/schema\\\/logo\\\/image\\\/\",\"url\":\"https:\\\/\\\/cptsdracenie.fr\\\/wp-content\\\/uploads\\\/2020\\\/01\\\/CPTS-version-2-blanc.png\",\"contentUrl\":\"https:\\\/\\\/cptsdracenie.fr\\\/wp-content\\\/uploads\\\/2020\\\/01\\\/CPTS-version-2-blanc.png\",\"width\":200,\"height\":200,\"caption\":\"CPTS Drac\u00e9nie-Provence-Verdon\"},\"image\":{\"@id\":\"https:\\\/\\\/cptsdracenie.fr\\\/#\\\/schema\\\/logo\\\/image\\\/\"},\"sameAs\":[\"https:\\\/\\\/www.facebook.com\\\/CPTSDPV\\\/\",\"https:\\\/\\\/www.linkedin.com\\\/company\\\/cpts-drac\u00e9nie-provence-verdon\\\/\"]},{\"@type\":\"Person\",\"@id\":\"https:\\\/\\\/cptsdracenie.fr\\\/#\\\/schema\\\/person\\\/5e8dad6c13b12c27c2c19a8e30ad1033\",\"name\":\"admin3616\",\"image\":{\"@type\":\"ImageObject\",\"inLanguage\":\"fr-FR\",\"@id\":\"https:\\\/\\\/secure.gravatar.com\\\/avatar\\\/f8b04cb7d4761647a9b275540c35d016b876dd8b19911751d862cb3a24a19aaf?s=96&d=mm&r=g\",\"url\":\"https:\\\/\\\/secure.gravatar.com\\\/avatar\\\/f8b04cb7d4761647a9b275540c35d016b876dd8b19911751d862cb3a24a19aaf?s=96&d=mm&r=g\",\"contentUrl\":\"https:\\\/\\\/secure.gravatar.com\\\/avatar\\\/f8b04cb7d4761647a9b275540c35d016b876dd8b19911751d862cb3a24a19aaf?s=96&d=mm&r=g\",\"caption\":\"admin3616\"},\"url\":\"https:\\\/\\\/cptsdracenie.fr\\\/index.php\\\/author\\\/admin3616\\\/\"}]}<\/script>\n<!-- \/ Yoast SEO plugin. -->","yoast_head_json":{"title":"ARCA'f\u00e9[Visio &#8211; Communaut\u00e9 Professionnelle Territoriale de Sant\u00e9 Drac\u00e9nie Provence Verdon","description":"L'ARCA SUD vous propose de vous joindre \u00e0 eux \u00e0 une visioconf\u00e9rence ayant pour th\u00e8me \"Traitements de substitution aux opiac\u00e9s\"","robots":{"index":"index","follow":"follow","max-snippet":"max-snippet:-1","max-image-preview":"max-image-preview:large","max-video-preview":"max-video-preview:-1"},"canonical":"https:\/\/cptsdracenie.fr\/index.php\/2023\/04\/18\/arcafevisio-2\/","og_locale":"fr_FR","og_type":"article","og_title":"ARCA'f\u00e9[Visio &#8211; Communaut\u00e9 Professionnelle Territoriale de Sant\u00e9 Drac\u00e9nie Provence Verdon","og_description":"L'ARCA SUD vous propose de vous joindre \u00e0 eux \u00e0 une visioconf\u00e9rence ayant pour th\u00e8me \"Traitements de substitution aux opiac\u00e9s\"","og_url":"https:\/\/cptsdracenie.fr\/index.php\/2023\/04\/18\/arcafevisio-2\/","og_site_name":"Communaut\u00e9 Professionnelle Territoriale de Sant\u00e9 Drac\u00e9nie Provence Verdon","article_publisher":"https:\/\/www.facebook.com\/CPTSDPV\/","article_published_time":"2023-04-18T07:39:51+00:00","article_modified_time":"2023-05-12T09:11:24+00:00","og_image":[{"width":775,"height":395,"url":"https:\/\/cptsdracenie.fr\/wp-content\/uploads\/2023\/03\/cafe.jpg","type":"image\/jpeg"}],"author":"admin3616","twitter_card":"summary_large_image","twitter_misc":{"\u00c9crit par":"admin3616","Dur\u00e9e de lecture estim\u00e9e":"1 minute"},"schema":{"@context":"https:\/\/schema.org","@graph":[{"@type":"Article","@id":"https:\/\/cptsdracenie.fr\/index.php\/2023\/04\/18\/arcafevisio-2\/#article","isPartOf":{"@id":"https:\/\/cptsdracenie.fr\/index.php\/2023\/04\/18\/arcafevisio-2\/"},"author":{"name":"admin3616","@id":"https:\/\/cptsdracenie.fr\/#\/schema\/person\/5e8dad6c13b12c27c2c19a8e30ad1033"},"headline":"ARCA&rsquo;f\u00e9[Visio","datePublished":"2023-04-18T07:39:51+00:00","dateModified":"2023-05-12T09:11:24+00:00","mainEntityOfPage":{"@id":"https:\/\/cptsdracenie.fr\/index.php\/2023\/04\/18\/arcafevisio-2\/"},"wordCount":63,"publisher":{"@id":"https:\/\/cptsdracenie.fr\/#organization"},"image":{"@id":"https:\/\/cptsdracenie.fr\/index.php\/2023\/04\/18\/arcafevisio-2\/#primaryimage"},"thumbnailUrl":"https:\/\/cptsdracenie.fr\/wp-content\/uploads\/2023\/03\/cafe.jpg","articleSection":["Informations g\u00e9n\u00e9rale","Medecine"],"inLanguage":"fr-FR"},{"@type":"WebPage","@id":"https:\/\/cptsdracenie.fr\/index.php\/2023\/04\/18\/arcafevisio-2\/","url":"https:\/\/cptsdracenie.fr\/index.php\/2023\/04\/18\/arcafevisio-2\/","name":"ARCA'f\u00e9[Visio &#8211; Communaut\u00e9 Professionnelle Territoriale de Sant\u00e9 Drac\u00e9nie Provence Verdon","isPartOf":{"@id":"https:\/\/cptsdracenie.fr\/#website"},"primaryImageOfPage":{"@id":"https:\/\/cptsdracenie.fr\/index.php\/2023\/04\/18\/arcafevisio-2\/#primaryimage"},"image":{"@id":"https:\/\/cptsdracenie.fr\/index.php\/2023\/04\/18\/arcafevisio-2\/#primaryimage"},"thumbnailUrl":"https:\/\/cptsdracenie.fr\/wp-content\/uploads\/2023\/03\/cafe.jpg","datePublished":"2023-04-18T07:39:51+00:00","dateModified":"2023-05-12T09:11:24+00:00","description":"L'ARCA SUD vous propose de vous joindre \u00e0 eux \u00e0 une visioconf\u00e9rence ayant pour th\u00e8me \"Traitements de substitution aux opiac\u00e9s\"","breadcrumb":{"@id":"https:\/\/cptsdracenie.fr\/index.php\/2023\/04\/18\/arcafevisio-2\/#breadcrumb"},"inLanguage":"fr-FR","potentialAction":[{"@type":"ReadAction","target":["https:\/\/cptsdracenie.fr\/index.php\/2023\/04\/18\/arcafevisio-2\/"]}]},{"@type":"ImageObject","inLanguage":"fr-FR","@id":"https:\/\/cptsdracenie.fr\/index.php\/2023\/04\/18\/arcafevisio-2\/#primaryimage","url":"https:\/\/cptsdracenie.fr\/wp-content\/uploads\/2023\/03\/cafe.jpg","contentUrl":"https:\/\/cptsdracenie.fr\/wp-content\/uploads\/2023\/03\/cafe.jpg","width":775,"height":395},{"@type":"BreadcrumbList","@id":"https:\/\/cptsdracenie.fr\/index.php\/2023\/04\/18\/arcafevisio-2\/#breadcrumb","itemListElement":[{"@type":"ListItem","position":1,"name":"Accueil","item":"https:\/\/cptsdracenie.fr\/"},{"@type":"ListItem","position":2,"name":"ARCA&rsquo;f\u00e9[Visio"}]},{"@type":"WebSite","@id":"https:\/\/cptsdracenie.fr\/#website","url":"https:\/\/cptsdracenie.fr\/","name":"CPTS DPV","description":" CPTS Drac\u00e9nie Provence Verdon","publisher":{"@id":"https:\/\/cptsdracenie.fr\/#organization"},"potentialAction":[{"@type":"SearchAction","target":{"@type":"EntryPoint","urlTemplate":"https:\/\/cptsdracenie.fr\/?s={search_term_string}"},"query-input":{"@type":"PropertyValueSpecification","valueRequired":true,"valueName":"search_term_string"}}],"inLanguage":"fr-FR"},{"@type":"Organization","@id":"https:\/\/cptsdracenie.fr\/#organization","name":"CPTS Drac\u00e9nie-Provence-Verdon","url":"https:\/\/cptsdracenie.fr\/","logo":{"@type":"ImageObject","inLanguage":"fr-FR","@id":"https:\/\/cptsdracenie.fr\/#\/schema\/logo\/image\/","url":"https:\/\/cptsdracenie.fr\/wp-content\/uploads\/2020\/01\/CPTS-version-2-blanc.png","contentUrl":"https:\/\/cptsdracenie.fr\/wp-content\/uploads\/2020\/01\/CPTS-version-2-blanc.png","width":200,"height":200,"caption":"CPTS Drac\u00e9nie-Provence-Verdon"},"image":{"@id":"https:\/\/cptsdracenie.fr\/#\/schema\/logo\/image\/"},"sameAs":["https:\/\/www.facebook.com\/CPTSDPV\/","https:\/\/www.linkedin.com\/company\/cpts-drac\u00e9nie-provence-verdon\/"]},{"@type":"Person","@id":"https:\/\/cptsdracenie.fr\/#\/schema\/person\/5e8dad6c13b12c27c2c19a8e30ad1033","name":"admin3616","image":{"@type":"ImageObject","inLanguage":"fr-FR","@id":"https:\/\/secure.gravatar.com\/avatar\/f8b04cb7d4761647a9b275540c35d016b876dd8b19911751d862cb3a24a19aaf?s=96&d=mm&r=g","url":"https:\/\/secure.gravatar.com\/avatar\/f8b04cb7d4761647a9b275540c35d016b876dd8b19911751d862cb3a24a19aaf?s=96&d=mm&r=g","contentUrl":"https:\/\/secure.gravatar.com\/avatar\/f8b04cb7d4761647a9b275540c35d016b876dd8b19911751d862cb3a24a19aaf?s=96&d=mm&r=g","caption":"admin3616"},"url":"https:\/\/cptsdracenie.fr\/index.php\/author\/admin3616\/"}]}},"_links":{"self":[{"href":"https:\/\/cptsdracenie.fr\/index.php\/wp-json\/wp\/v2\/posts\/8603","targetHints":{"allow":["GET"]}}],"collection":[{"href":"https:\/\/cptsdracenie.fr\/index.php\/wp-json\/wp\/v2\/posts"}],"about":[{"href":"https:\/\/cptsdracenie.fr\/index.php\/wp-json\/wp\/v2\/types\/post"}],"author":[{"embeddable":true,"href":"https:\/\/cptsdracenie.fr\/index.php\/wp-json\/wp\/v2\/users\/1"}],"replies":[{"embeddable":true,"href":"https:\/\/cptsdracenie.fr\/index.php\/wp-json\/wp\/v2\/comments?post=8603"}],"version-history":[{"count":2,"href":"https:\/\/cptsdracenie.fr\/index.php\/wp-json\/wp\/v2\/posts\/8603\/revisions"}],"predecessor-version":[{"id":8912,"href":"https:\/\/cptsdracenie.fr\/index.php\/wp-json\/wp\/v2\/posts\/8603\/revisions\/8912"}],"wp:featuredmedia":[{"embeddable":true,"href":"https:\/\/cptsdracenie.fr\/index.php\/wp-json\/wp\/v2\/media\/8180"}],"wp:attachment":[{"href":"https:\/\/cptsdracenie.fr\/index.php\/wp-json\/wp\/v2\/media?parent=8603"}],"wp:term":[{"taxonomy":"category","embeddable":true,"href":"https:\/\/cptsdracenie.fr\/index.php\/wp-json\/wp\/v2\/categories?post=8603"},{"taxonomy":"post_tag","embeddable":true,"href":"https:\/\/cptsdracenie.fr\/index.php\/wp-json\/wp\/v2\/tags?post=8603"}],"curies":[{"name":"wp","href":"https:\/\/api.w.org\/{rel}","templated":true}]}}