{"id":9176,"date":"2023-06-08T11:13:35","date_gmt":"2023-06-08T09:13:35","guid":{"rendered":"https:\/\/cptsdracenie.fr\/?p=9176"},"modified":"2023-06-08T11:13:36","modified_gmt":"2023-06-08T09:13:36","slug":"campagne-de-depistage-du-diabete","status":"publish","type":"post","link":"https:\/\/cptsdracenie.fr\/index.php\/2023\/06\/08\/campagne-de-depistage-du-diabete\/","title":{"rendered":"Campagne de d\u00e9pistage du diab\u00e8te"},"content":{"rendered":"\n<p>Chaque ann\u00e9e, le diab\u00e8te continue de progresser et repr\u00e9sente un fardeau majeur de sant\u00e9 publique. Il concerne plus de 3,6 millions de personnes en France et devrait toucher plus de 783 millions d&rsquo;adultes dans le monde d&rsquo;ici 2045.<\/p>\n\n\n<div class=\"wp-block-image\">\n<figure class=\"aligncenter size-full\"><img loading=\"lazy\" decoding=\"async\" width=\"851\" height=\"564\" src=\"https:\/\/cptsdracenie.fr\/wp-content\/uploads\/2023\/06\/image-7.png\" alt=\"\" class=\"wp-image-9177\" srcset=\"https:\/\/cptsdracenie.fr\/wp-content\/uploads\/2023\/06\/image-7.png 851w, https:\/\/cptsdracenie.fr\/wp-content\/uploads\/2023\/06\/image-7-300x199.png 300w, https:\/\/cptsdracenie.fr\/wp-content\/uploads\/2023\/06\/image-7-768x509.png 768w\" sizes=\"auto, (max-width: 851px) 100vw, 851px\" \/><\/figure>\n<\/div>\n\n\n<p>Il est d&rsquo;ailleurs important de savoir qu&rsquo;il est possible d&rsquo;\u00eatre touch\u00e9 par le diab\u00e8te sans le savoir, c&rsquo;est la raison pour laquelle il est important de se faire d\u00e9pister.<\/p>\n\n\n\n<p><strong>Comment est r\u00e9alis\u00e9 le d\u00e9pistage du diab\u00e8te ?<\/strong><\/p>\n\n\n\n<p>L&rsquo;op\u00e9ration ne dure que quelques minutes : une piq\u00fbre est r\u00e9alis\u00e9e \u00e0 l&rsquo;extr\u00e9mit\u00e9 du doigt permettant la r\u00e9cup\u00e9ration d&rsquo;une goutte de sang qui sera analys\u00e9e par un lecteur de glyc\u00e9mie et d&rsquo;une bandelette. <\/p>\n\n\n\n<p>En ce sens, samedi 10 juin aura lieu une op\u00e9ration de d\u00e9pistage men\u00e9e par le L\u00e9o Club drac\u00e9nois et l&rsquo;association LIDER DIABETE, sur la place Cassin de 08h30 \u00e0 13h00.<\/p>\n\n\n\n<p>Une quinzaine de b\u00e9n\u00e9voles sera pr\u00e9sente pour accueillir et conseiller les personnes souhaitant se faire d\u00e9pister gratuitement.<\/p>\n\n\n\n<p>Une seconde op\u00e9ration de d\u00e9pistage aura \u00e9galement lieu, en parall\u00e8le, au Centre Commercial Carrefour Salamandrier, de 08h30 \u00e0 11h30.<\/p>\n","protected":false},"excerpt":{"rendered":"<p>Chaque ann\u00e9e, le diab\u00e8te continue de progresser et repr\u00e9sente un fardeau majeur de sant\u00e9 publique. Il concerne plus de 3,6 millions de personnes en France et devrait toucher plus de 783 millions d&rsquo;adultes dans le monde d&rsquo;ici 2045. Il est d&rsquo;ailleurs important de savoir qu&rsquo;il est possible d&rsquo;\u00eatre touch\u00e9 par le diab\u00e8te sans le savoir, [&hellip;]<\/p>\n","protected":false},"author":1,"featured_media":9177,"comment_status":"closed","ping_status":"closed","sticky":false,"template":"","format":"standard","meta":{"footnotes":""},"categories":[39,24],"tags":[],"class_list":["post-9176","post","type-post","status-publish","format-standard","has-post-thumbnail","hentry","category-depistage","category-gt-prevention"],"yoast_head":"<!-- This site is optimized with the Yoast SEO plugin v27.5 - https:\/\/yoast.com\/product\/yoast-seo-wordpress\/ -->\n<title>Campagne de d\u00e9pistage du diab\u00e8te &#8211; Communaut\u00e9 Professionnelle Territoriale de Sant\u00e9 Drac\u00e9nie Provence Verdon<\/title>\n<meta name=\"description\" content=\"Ce samedi 10 juin se tiendra une matin\u00e9e de d\u00e9pistage du diab\u00e8te sur la place Cassin de Draguignan, ainsi qu&#039;\u00e0 Carrefour Salamandrier.\" \/>\n<meta name=\"robots\" content=\"index, follow, max-snippet:-1, max-image-preview:large, max-video-preview:-1\" \/>\n<link rel=\"canonical\" href=\"https:\/\/cptsdracenie.fr\/index.php\/2023\/06\/08\/campagne-de-depistage-du-diabete\/\" \/>\n<meta property=\"og:locale\" content=\"fr_FR\" \/>\n<meta property=\"og:type\" content=\"article\" \/>\n<meta property=\"og:title\" content=\"Campagne de d\u00e9pistage du diab\u00e8te &#8211; Communaut\u00e9 Professionnelle Territoriale de Sant\u00e9 Drac\u00e9nie Provence Verdon\" \/>\n<meta property=\"og:description\" content=\"Ce samedi 10 juin se tiendra une matin\u00e9e de d\u00e9pistage du diab\u00e8te sur la place Cassin de Draguignan, ainsi qu&#039;\u00e0 Carrefour Salamandrier.\" \/>\n<meta property=\"og:url\" content=\"https:\/\/cptsdracenie.fr\/index.php\/2023\/06\/08\/campagne-de-depistage-du-diabete\/\" \/>\n<meta property=\"og:site_name\" content=\"Communaut\u00e9 Professionnelle Territoriale de Sant\u00e9 Drac\u00e9nie Provence Verdon\" \/>\n<meta property=\"article:publisher\" content=\"https:\/\/www.facebook.com\/CPTSDPV\/\" \/>\n<meta property=\"article:published_time\" content=\"2023-06-08T09:13:35+00:00\" \/>\n<meta property=\"article:modified_time\" content=\"2023-06-08T09:13:36+00:00\" \/>\n<meta property=\"og:image\" content=\"https:\/\/cptsdracenie.fr\/wp-content\/uploads\/2023\/06\/image-7.png\" \/>\n\t<meta property=\"og:image:width\" content=\"851\" \/>\n\t<meta property=\"og:image:height\" content=\"564\" \/>\n\t<meta property=\"og:image:type\" content=\"image\/png\" \/>\n<meta name=\"author\" content=\"admin3616\" \/>\n<meta name=\"twitter:card\" content=\"summary_large_image\" \/>\n<meta name=\"twitter:label1\" content=\"\u00c9crit par\" \/>\n\t<meta name=\"twitter:data1\" content=\"admin3616\" \/>\n\t<meta name=\"twitter:label2\" content=\"Dur\u00e9e de lecture estim\u00e9e\" \/>\n\t<meta name=\"twitter:data2\" content=\"2 minutes\" \/>\n<script type=\"application\/ld+json\" class=\"yoast-schema-graph\">{\"@context\":\"https:\\\/\\\/schema.org\",\"@graph\":[{\"@type\":\"Article\",\"@id\":\"https:\\\/\\\/cptsdracenie.fr\\\/index.php\\\/2023\\\/06\\\/08\\\/campagne-de-depistage-du-diabete\\\/#article\",\"isPartOf\":{\"@id\":\"https:\\\/\\\/cptsdracenie.fr\\\/index.php\\\/2023\\\/06\\\/08\\\/campagne-de-depistage-du-diabete\\\/\"},\"author\":{\"name\":\"admin3616\",\"@id\":\"https:\\\/\\\/cptsdracenie.fr\\\/#\\\/schema\\\/person\\\/5e8dad6c13b12c27c2c19a8e30ad1033\"},\"headline\":\"Campagne de d\u00e9pistage du diab\u00e8te\",\"datePublished\":\"2023-06-08T09:13:35+00:00\",\"dateModified\":\"2023-06-08T09:13:36+00:00\",\"mainEntityOfPage\":{\"@id\":\"https:\\\/\\\/cptsdracenie.fr\\\/index.php\\\/2023\\\/06\\\/08\\\/campagne-de-depistage-du-diabete\\\/\"},\"wordCount\":212,\"publisher\":{\"@id\":\"https:\\\/\\\/cptsdracenie.fr\\\/#organization\"},\"image\":{\"@id\":\"https:\\\/\\\/cptsdracenie.fr\\\/index.php\\\/2023\\\/06\\\/08\\\/campagne-de-depistage-du-diabete\\\/#primaryimage\"},\"thumbnailUrl\":\"https:\\\/\\\/cptsdracenie.fr\\\/wp-content\\\/uploads\\\/2023\\\/06\\\/image-7.png\",\"articleSection\":[\"D\u00e9pistage\",\"Pr\u00e9vention\"],\"inLanguage\":\"fr-FR\"},{\"@type\":\"WebPage\",\"@id\":\"https:\\\/\\\/cptsdracenie.fr\\\/index.php\\\/2023\\\/06\\\/08\\\/campagne-de-depistage-du-diabete\\\/\",\"url\":\"https:\\\/\\\/cptsdracenie.fr\\\/index.php\\\/2023\\\/06\\\/08\\\/campagne-de-depistage-du-diabete\\\/\",\"name\":\"Campagne de d\u00e9pistage du diab\u00e8te &#8211; Communaut\u00e9 Professionnelle Territoriale de Sant\u00e9 Drac\u00e9nie Provence Verdon\",\"isPartOf\":{\"@id\":\"https:\\\/\\\/cptsdracenie.fr\\\/#website\"},\"primaryImageOfPage\":{\"@id\":\"https:\\\/\\\/cptsdracenie.fr\\\/index.php\\\/2023\\\/06\\\/08\\\/campagne-de-depistage-du-diabete\\\/#primaryimage\"},\"image\":{\"@id\":\"https:\\\/\\\/cptsdracenie.fr\\\/index.php\\\/2023\\\/06\\\/08\\\/campagne-de-depistage-du-diabete\\\/#primaryimage\"},\"thumbnailUrl\":\"https:\\\/\\\/cptsdracenie.fr\\\/wp-content\\\/uploads\\\/2023\\\/06\\\/image-7.png\",\"datePublished\":\"2023-06-08T09:13:35+00:00\",\"dateModified\":\"2023-06-08T09:13:36+00:00\",\"description\":\"Ce samedi 10 juin se tiendra une matin\u00e9e de d\u00e9pistage du diab\u00e8te sur la place Cassin de Draguignan, ainsi qu'\u00e0 Carrefour Salamandrier.\",\"breadcrumb\":{\"@id\":\"https:\\\/\\\/cptsdracenie.fr\\\/index.php\\\/2023\\\/06\\\/08\\\/campagne-de-depistage-du-diabete\\\/#breadcrumb\"},\"inLanguage\":\"fr-FR\",\"potentialAction\":[{\"@type\":\"ReadAction\",\"target\":[\"https:\\\/\\\/cptsdracenie.fr\\\/index.php\\\/2023\\\/06\\\/08\\\/campagne-de-depistage-du-diabete\\\/\"]}]},{\"@type\":\"ImageObject\",\"inLanguage\":\"fr-FR\",\"@id\":\"https:\\\/\\\/cptsdracenie.fr\\\/index.php\\\/2023\\\/06\\\/08\\\/campagne-de-depistage-du-diabete\\\/#primaryimage\",\"url\":\"https:\\\/\\\/cptsdracenie.fr\\\/wp-content\\\/uploads\\\/2023\\\/06\\\/image-7.png\",\"contentUrl\":\"https:\\\/\\\/cptsdracenie.fr\\\/wp-content\\\/uploads\\\/2023\\\/06\\\/image-7.png\",\"width\":851,\"height\":564},{\"@type\":\"BreadcrumbList\",\"@id\":\"https:\\\/\\\/cptsdracenie.fr\\\/index.php\\\/2023\\\/06\\\/08\\\/campagne-de-depistage-du-diabete\\\/#breadcrumb\",\"itemListElement\":[{\"@type\":\"ListItem\",\"position\":1,\"name\":\"Accueil\",\"item\":\"https:\\\/\\\/cptsdracenie.fr\\\/\"},{\"@type\":\"ListItem\",\"position\":2,\"name\":\"Campagne de d\u00e9pistage du diab\u00e8te\"}]},{\"@type\":\"WebSite\",\"@id\":\"https:\\\/\\\/cptsdracenie.fr\\\/#website\",\"url\":\"https:\\\/\\\/cptsdracenie.fr\\\/\",\"name\":\"CPTS DPV\",\"description\":\" CPTS Drac\u00e9nie Provence Verdon\",\"publisher\":{\"@id\":\"https:\\\/\\\/cptsdracenie.fr\\\/#organization\"},\"potentialAction\":[{\"@type\":\"SearchAction\",\"target\":{\"@type\":\"EntryPoint\",\"urlTemplate\":\"https:\\\/\\\/cptsdracenie.fr\\\/?s={search_term_string}\"},\"query-input\":{\"@type\":\"PropertyValueSpecification\",\"valueRequired\":true,\"valueName\":\"search_term_string\"}}],\"inLanguage\":\"fr-FR\"},{\"@type\":\"Organization\",\"@id\":\"https:\\\/\\\/cptsdracenie.fr\\\/#organization\",\"name\":\"CPTS Drac\u00e9nie-Provence-Verdon\",\"url\":\"https:\\\/\\\/cptsdracenie.fr\\\/\",\"logo\":{\"@type\":\"ImageObject\",\"inLanguage\":\"fr-FR\",\"@id\":\"https:\\\/\\\/cptsdracenie.fr\\\/#\\\/schema\\\/logo\\\/image\\\/\",\"url\":\"https:\\\/\\\/cptsdracenie.fr\\\/wp-content\\\/uploads\\\/2020\\\/01\\\/CPTS-version-2-blanc.png\",\"contentUrl\":\"https:\\\/\\\/cptsdracenie.fr\\\/wp-content\\\/uploads\\\/2020\\\/01\\\/CPTS-version-2-blanc.png\",\"width\":200,\"height\":200,\"caption\":\"CPTS Drac\u00e9nie-Provence-Verdon\"},\"image\":{\"@id\":\"https:\\\/\\\/cptsdracenie.fr\\\/#\\\/schema\\\/logo\\\/image\\\/\"},\"sameAs\":[\"https:\\\/\\\/www.facebook.com\\\/CPTSDPV\\\/\",\"https:\\\/\\\/www.linkedin.com\\\/company\\\/cpts-drac\u00e9nie-provence-verdon\\\/\"]},{\"@type\":\"Person\",\"@id\":\"https:\\\/\\\/cptsdracenie.fr\\\/#\\\/schema\\\/person\\\/5e8dad6c13b12c27c2c19a8e30ad1033\",\"name\":\"admin3616\",\"image\":{\"@type\":\"ImageObject\",\"inLanguage\":\"fr-FR\",\"@id\":\"https:\\\/\\\/secure.gravatar.com\\\/avatar\\\/f8b04cb7d4761647a9b275540c35d016b876dd8b19911751d862cb3a24a19aaf?s=96&d=mm&r=g\",\"url\":\"https:\\\/\\\/secure.gravatar.com\\\/avatar\\\/f8b04cb7d4761647a9b275540c35d016b876dd8b19911751d862cb3a24a19aaf?s=96&d=mm&r=g\",\"contentUrl\":\"https:\\\/\\\/secure.gravatar.com\\\/avatar\\\/f8b04cb7d4761647a9b275540c35d016b876dd8b19911751d862cb3a24a19aaf?s=96&d=mm&r=g\",\"caption\":\"admin3616\"},\"url\":\"https:\\\/\\\/cptsdracenie.fr\\\/index.php\\\/author\\\/admin3616\\\/\"}]}<\/script>\n<!-- \/ Yoast SEO plugin. -->","yoast_head_json":{"title":"Campagne de d\u00e9pistage du diab\u00e8te &#8211; Communaut\u00e9 Professionnelle Territoriale de Sant\u00e9 Drac\u00e9nie Provence Verdon","description":"Ce samedi 10 juin se tiendra une matin\u00e9e de d\u00e9pistage du diab\u00e8te sur la place Cassin de Draguignan, ainsi qu'\u00e0 Carrefour Salamandrier.","robots":{"index":"index","follow":"follow","max-snippet":"max-snippet:-1","max-image-preview":"max-image-preview:large","max-video-preview":"max-video-preview:-1"},"canonical":"https:\/\/cptsdracenie.fr\/index.php\/2023\/06\/08\/campagne-de-depistage-du-diabete\/","og_locale":"fr_FR","og_type":"article","og_title":"Campagne de d\u00e9pistage du diab\u00e8te &#8211; Communaut\u00e9 Professionnelle Territoriale de Sant\u00e9 Drac\u00e9nie Provence Verdon","og_description":"Ce samedi 10 juin se tiendra une matin\u00e9e de d\u00e9pistage du diab\u00e8te sur la place Cassin de Draguignan, ainsi qu'\u00e0 Carrefour Salamandrier.","og_url":"https:\/\/cptsdracenie.fr\/index.php\/2023\/06\/08\/campagne-de-depistage-du-diabete\/","og_site_name":"Communaut\u00e9 Professionnelle Territoriale de Sant\u00e9 Drac\u00e9nie Provence Verdon","article_publisher":"https:\/\/www.facebook.com\/CPTSDPV\/","article_published_time":"2023-06-08T09:13:35+00:00","article_modified_time":"2023-06-08T09:13:36+00:00","og_image":[{"width":851,"height":564,"url":"https:\/\/cptsdracenie.fr\/wp-content\/uploads\/2023\/06\/image-7.png","type":"image\/png"}],"author":"admin3616","twitter_card":"summary_large_image","twitter_misc":{"\u00c9crit par":"admin3616","Dur\u00e9e de lecture estim\u00e9e":"2 minutes"},"schema":{"@context":"https:\/\/schema.org","@graph":[{"@type":"Article","@id":"https:\/\/cptsdracenie.fr\/index.php\/2023\/06\/08\/campagne-de-depistage-du-diabete\/#article","isPartOf":{"@id":"https:\/\/cptsdracenie.fr\/index.php\/2023\/06\/08\/campagne-de-depistage-du-diabete\/"},"author":{"name":"admin3616","@id":"https:\/\/cptsdracenie.fr\/#\/schema\/person\/5e8dad6c13b12c27c2c19a8e30ad1033"},"headline":"Campagne de d\u00e9pistage du diab\u00e8te","datePublished":"2023-06-08T09:13:35+00:00","dateModified":"2023-06-08T09:13:36+00:00","mainEntityOfPage":{"@id":"https:\/\/cptsdracenie.fr\/index.php\/2023\/06\/08\/campagne-de-depistage-du-diabete\/"},"wordCount":212,"publisher":{"@id":"https:\/\/cptsdracenie.fr\/#organization"},"image":{"@id":"https:\/\/cptsdracenie.fr\/index.php\/2023\/06\/08\/campagne-de-depistage-du-diabete\/#primaryimage"},"thumbnailUrl":"https:\/\/cptsdracenie.fr\/wp-content\/uploads\/2023\/06\/image-7.png","articleSection":["D\u00e9pistage","Pr\u00e9vention"],"inLanguage":"fr-FR"},{"@type":"WebPage","@id":"https:\/\/cptsdracenie.fr\/index.php\/2023\/06\/08\/campagne-de-depistage-du-diabete\/","url":"https:\/\/cptsdracenie.fr\/index.php\/2023\/06\/08\/campagne-de-depistage-du-diabete\/","name":"Campagne de d\u00e9pistage du diab\u00e8te &#8211; Communaut\u00e9 Professionnelle Territoriale de Sant\u00e9 Drac\u00e9nie Provence Verdon","isPartOf":{"@id":"https:\/\/cptsdracenie.fr\/#website"},"primaryImageOfPage":{"@id":"https:\/\/cptsdracenie.fr\/index.php\/2023\/06\/08\/campagne-de-depistage-du-diabete\/#primaryimage"},"image":{"@id":"https:\/\/cptsdracenie.fr\/index.php\/2023\/06\/08\/campagne-de-depistage-du-diabete\/#primaryimage"},"thumbnailUrl":"https:\/\/cptsdracenie.fr\/wp-content\/uploads\/2023\/06\/image-7.png","datePublished":"2023-06-08T09:13:35+00:00","dateModified":"2023-06-08T09:13:36+00:00","description":"Ce samedi 10 juin se tiendra une matin\u00e9e de d\u00e9pistage du diab\u00e8te sur la place Cassin de Draguignan, ainsi qu'\u00e0 Carrefour Salamandrier.","breadcrumb":{"@id":"https:\/\/cptsdracenie.fr\/index.php\/2023\/06\/08\/campagne-de-depistage-du-diabete\/#breadcrumb"},"inLanguage":"fr-FR","potentialAction":[{"@type":"ReadAction","target":["https:\/\/cptsdracenie.fr\/index.php\/2023\/06\/08\/campagne-de-depistage-du-diabete\/"]}]},{"@type":"ImageObject","inLanguage":"fr-FR","@id":"https:\/\/cptsdracenie.fr\/index.php\/2023\/06\/08\/campagne-de-depistage-du-diabete\/#primaryimage","url":"https:\/\/cptsdracenie.fr\/wp-content\/uploads\/2023\/06\/image-7.png","contentUrl":"https:\/\/cptsdracenie.fr\/wp-content\/uploads\/2023\/06\/image-7.png","width":851,"height":564},{"@type":"BreadcrumbList","@id":"https:\/\/cptsdracenie.fr\/index.php\/2023\/06\/08\/campagne-de-depistage-du-diabete\/#breadcrumb","itemListElement":[{"@type":"ListItem","position":1,"name":"Accueil","item":"https:\/\/cptsdracenie.fr\/"},{"@type":"ListItem","position":2,"name":"Campagne de d\u00e9pistage du diab\u00e8te"}]},{"@type":"WebSite","@id":"https:\/\/cptsdracenie.fr\/#website","url":"https:\/\/cptsdracenie.fr\/","name":"CPTS DPV","description":" CPTS Drac\u00e9nie Provence Verdon","publisher":{"@id":"https:\/\/cptsdracenie.fr\/#organization"},"potentialAction":[{"@type":"SearchAction","target":{"@type":"EntryPoint","urlTemplate":"https:\/\/cptsdracenie.fr\/?s={search_term_string}"},"query-input":{"@type":"PropertyValueSpecification","valueRequired":true,"valueName":"search_term_string"}}],"inLanguage":"fr-FR"},{"@type":"Organization","@id":"https:\/\/cptsdracenie.fr\/#organization","name":"CPTS Drac\u00e9nie-Provence-Verdon","url":"https:\/\/cptsdracenie.fr\/","logo":{"@type":"ImageObject","inLanguage":"fr-FR","@id":"https:\/\/cptsdracenie.fr\/#\/schema\/logo\/image\/","url":"https:\/\/cptsdracenie.fr\/wp-content\/uploads\/2020\/01\/CPTS-version-2-blanc.png","contentUrl":"https:\/\/cptsdracenie.fr\/wp-content\/uploads\/2020\/01\/CPTS-version-2-blanc.png","width":200,"height":200,"caption":"CPTS Drac\u00e9nie-Provence-Verdon"},"image":{"@id":"https:\/\/cptsdracenie.fr\/#\/schema\/logo\/image\/"},"sameAs":["https:\/\/www.facebook.com\/CPTSDPV\/","https:\/\/www.linkedin.com\/company\/cpts-drac\u00e9nie-provence-verdon\/"]},{"@type":"Person","@id":"https:\/\/cptsdracenie.fr\/#\/schema\/person\/5e8dad6c13b12c27c2c19a8e30ad1033","name":"admin3616","image":{"@type":"ImageObject","inLanguage":"fr-FR","@id":"https:\/\/secure.gravatar.com\/avatar\/f8b04cb7d4761647a9b275540c35d016b876dd8b19911751d862cb3a24a19aaf?s=96&d=mm&r=g","url":"https:\/\/secure.gravatar.com\/avatar\/f8b04cb7d4761647a9b275540c35d016b876dd8b19911751d862cb3a24a19aaf?s=96&d=mm&r=g","contentUrl":"https:\/\/secure.gravatar.com\/avatar\/f8b04cb7d4761647a9b275540c35d016b876dd8b19911751d862cb3a24a19aaf?s=96&d=mm&r=g","caption":"admin3616"},"url":"https:\/\/cptsdracenie.fr\/index.php\/author\/admin3616\/"}]}},"_links":{"self":[{"href":"https:\/\/cptsdracenie.fr\/index.php\/wp-json\/wp\/v2\/posts\/9176","targetHints":{"allow":["GET"]}}],"collection":[{"href":"https:\/\/cptsdracenie.fr\/index.php\/wp-json\/wp\/v2\/posts"}],"about":[{"href":"https:\/\/cptsdracenie.fr\/index.php\/wp-json\/wp\/v2\/types\/post"}],"author":[{"embeddable":true,"href":"https:\/\/cptsdracenie.fr\/index.php\/wp-json\/wp\/v2\/users\/1"}],"replies":[{"embeddable":true,"href":"https:\/\/cptsdracenie.fr\/index.php\/wp-json\/wp\/v2\/comments?post=9176"}],"version-history":[{"count":2,"href":"https:\/\/cptsdracenie.fr\/index.php\/wp-json\/wp\/v2\/posts\/9176\/revisions"}],"predecessor-version":[{"id":9179,"href":"https:\/\/cptsdracenie.fr\/index.php\/wp-json\/wp\/v2\/posts\/9176\/revisions\/9179"}],"wp:featuredmedia":[{"embeddable":true,"href":"https:\/\/cptsdracenie.fr\/index.php\/wp-json\/wp\/v2\/media\/9177"}],"wp:attachment":[{"href":"https:\/\/cptsdracenie.fr\/index.php\/wp-json\/wp\/v2\/media?parent=9176"}],"wp:term":[{"taxonomy":"category","embeddable":true,"href":"https:\/\/cptsdracenie.fr\/index.php\/wp-json\/wp\/v2\/categories?post=9176"},{"taxonomy":"post_tag","embeddable":true,"href":"https:\/\/cptsdracenie.fr\/index.php\/wp-json\/wp\/v2\/tags?post=9176"}],"curies":[{"name":"wp","href":"https:\/\/api.w.org\/{rel}","templated":true}]}}