{"id":9353,"date":"2023-06-15T16:34:59","date_gmt":"2023-06-15T14:34:59","guid":{"rendered":"https:\/\/cptsdracenie.fr\/?p=9353"},"modified":"2023-06-15T16:37:57","modified_gmt":"2023-06-15T14:37:57","slug":"depistage-du-diabete-draguignan","status":"publish","type":"post","link":"https:\/\/cptsdracenie.fr\/index.php\/2023\/06\/15\/depistage-du-diabete-draguignan\/","title":{"rendered":"D\u00e9pistage du diab\u00e8te &#8211; Draguignan"},"content":{"rendered":"\n<p>Ce samedi 10 juin a eu lieu un d\u00e9pistage gratuit du diab\u00e8te r\u00e9alis\u00e9 en partenariat avec LIDER Diab\u00e8te et le L\u00e9o Club Drac\u00e9nois.<\/p>\n\n\n\n<p>345 tests de glyc\u00e9mie capillaire ont pu \u00eatre r\u00e9alis\u00e9s lors de cette journ\u00e9e organis\u00e9e sur la place Cassin de Draguignan, ainsi qu&rsquo;au Centre Commercial Carrefour Salamandrier.<\/p>\n\n\n\n<p>Nous tenons \u00e0 remercier les Docteurs Roph\u00e9, Silvestre Aillaud et Boissier pour leur disponibilit\u00e9.<\/p>\n\n\n\n<div class=\"wp-block-columns is-layout-flex wp-container-core-columns-is-layout-9d6595d7 wp-block-columns-is-layout-flex\">\n<div class=\"wp-block-column is-layout-flow wp-block-column-is-layout-flow\">\n<figure class=\"wp-block-image size-large\"><img loading=\"lazy\" decoding=\"async\" width=\"1024\" height=\"682\" src=\"https:\/\/cptsdracenie.fr\/wp-content\/uploads\/2023\/06\/20230610_095418-1024x682.jpg\" alt=\"\" class=\"wp-image-9354\" srcset=\"https:\/\/cptsdracenie.fr\/wp-content\/uploads\/2023\/06\/20230610_095418-1024x682.jpg 1024w, https:\/\/cptsdracenie.fr\/wp-content\/uploads\/2023\/06\/20230610_095418-300x200.jpg 300w, https:\/\/cptsdracenie.fr\/wp-content\/uploads\/2023\/06\/20230610_095418-768x512.jpg 768w, https:\/\/cptsdracenie.fr\/wp-content\/uploads\/2023\/06\/20230610_095418.jpg 1181w\" sizes=\"auto, (max-width: 1024px) 100vw, 1024px\" \/><\/figure>\n<\/div>\n\n\n\n<div class=\"wp-block-column is-layout-flow wp-block-column-is-layout-flow\">\n<figure class=\"wp-block-image size-large\"><img loading=\"lazy\" decoding=\"async\" width=\"1024\" height=\"682\" src=\"https:\/\/cptsdracenie.fr\/wp-content\/uploads\/2023\/06\/20230610_101622-1024x682.jpg\" alt=\"\" class=\"wp-image-9355\" srcset=\"https:\/\/cptsdracenie.fr\/wp-content\/uploads\/2023\/06\/20230610_101622-1024x682.jpg 1024w, https:\/\/cptsdracenie.fr\/wp-content\/uploads\/2023\/06\/20230610_101622-300x200.jpg 300w, https:\/\/cptsdracenie.fr\/wp-content\/uploads\/2023\/06\/20230610_101622-768x512.jpg 768w, https:\/\/cptsdracenie.fr\/wp-content\/uploads\/2023\/06\/20230610_101622.jpg 1181w\" sizes=\"auto, (max-width: 1024px) 100vw, 1024px\" \/><\/figure>\n<\/div>\n\n\n\n<div class=\"wp-block-column is-layout-flow wp-block-column-is-layout-flow\">\n<figure class=\"wp-block-image size-large\"><img loading=\"lazy\" decoding=\"async\" width=\"1024\" height=\"682\" src=\"https:\/\/cptsdracenie.fr\/wp-content\/uploads\/2023\/06\/20230610_103019-1024x682.jpg\" alt=\"\" class=\"wp-image-9356\" srcset=\"https:\/\/cptsdracenie.fr\/wp-content\/uploads\/2023\/06\/20230610_103019-1024x682.jpg 1024w, https:\/\/cptsdracenie.fr\/wp-content\/uploads\/2023\/06\/20230610_103019-300x200.jpg 300w, https:\/\/cptsdracenie.fr\/wp-content\/uploads\/2023\/06\/20230610_103019-768x512.jpg 768w, https:\/\/cptsdracenie.fr\/wp-content\/uploads\/2023\/06\/20230610_103019.jpg 1181w\" sizes=\"auto, (max-width: 1024px) 100vw, 1024px\" \/><\/figure>\n<\/div>\n<\/div>\n\n\n\n<div class=\"wp-block-columns is-layout-flex wp-container-core-columns-is-layout-9d6595d7 wp-block-columns-is-layout-flex\">\n<div class=\"wp-block-column is-layout-flow wp-block-column-is-layout-flow\">\n<figure class=\"wp-block-image size-large\"><img loading=\"lazy\" decoding=\"async\" width=\"682\" height=\"1024\" src=\"https:\/\/cptsdracenie.fr\/wp-content\/uploads\/2023\/06\/IMG-20230610-WA0014-682x1024.jpg\" alt=\"\" class=\"wp-image-9357\" srcset=\"https:\/\/cptsdracenie.fr\/wp-content\/uploads\/2023\/06\/IMG-20230610-WA0014-682x1024.jpg 682w, https:\/\/cptsdracenie.fr\/wp-content\/uploads\/2023\/06\/IMG-20230610-WA0014-200x300.jpg 200w, https:\/\/cptsdracenie.fr\/wp-content\/uploads\/2023\/06\/IMG-20230610-WA0014-768x1152.jpg 768w, https:\/\/cptsdracenie.fr\/wp-content\/uploads\/2023\/06\/IMG-20230610-WA0014.jpg 787w\" sizes=\"auto, (max-width: 682px) 100vw, 682px\" \/><\/figure>\n<\/div>\n\n\n\n<div class=\"wp-block-column is-layout-flow wp-block-column-is-layout-flow\">\n<figure class=\"wp-block-image size-large\"><img loading=\"lazy\" decoding=\"async\" width=\"682\" height=\"1024\" src=\"https:\/\/cptsdracenie.fr\/wp-content\/uploads\/2023\/06\/IMG-20230610-WA0015-682x1024.jpg\" alt=\"\" class=\"wp-image-9358\" srcset=\"https:\/\/cptsdracenie.fr\/wp-content\/uploads\/2023\/06\/IMG-20230610-WA0015-682x1024.jpg 682w, https:\/\/cptsdracenie.fr\/wp-content\/uploads\/2023\/06\/IMG-20230610-WA0015-200x300.jpg 200w, https:\/\/cptsdracenie.fr\/wp-content\/uploads\/2023\/06\/IMG-20230610-WA0015-768x1152.jpg 768w, https:\/\/cptsdracenie.fr\/wp-content\/uploads\/2023\/06\/IMG-20230610-WA0015.jpg 787w\" sizes=\"auto, (max-width: 682px) 100vw, 682px\" \/><\/figure>\n<\/div>\n\n\n\n<div class=\"wp-block-column is-layout-flow wp-block-column-is-layout-flow\">\n<figure class=\"wp-block-image size-large\"><img loading=\"lazy\" decoding=\"async\" width=\"682\" height=\"1024\" src=\"https:\/\/cptsdracenie.fr\/wp-content\/uploads\/2023\/06\/IMG-20230610-WA0008-682x1024.jpg\" alt=\"\" class=\"wp-image-9359\" srcset=\"https:\/\/cptsdracenie.fr\/wp-content\/uploads\/2023\/06\/IMG-20230610-WA0008-682x1024.jpg 682w, https:\/\/cptsdracenie.fr\/wp-content\/uploads\/2023\/06\/IMG-20230610-WA0008-200x300.jpg 200w, https:\/\/cptsdracenie.fr\/wp-content\/uploads\/2023\/06\/IMG-20230610-WA0008-768x1152.jpg 768w, https:\/\/cptsdracenie.fr\/wp-content\/uploads\/2023\/06\/IMG-20230610-WA0008.jpg 787w\" sizes=\"auto, (max-width: 682px) 100vw, 682px\" \/><\/figure>\n<\/div>\n<\/div>\n\n\n\n<div class=\"wp-block-columns is-layout-flex wp-container-core-columns-is-layout-9d6595d7 wp-block-columns-is-layout-flex\">\n<div class=\"wp-block-column is-layout-flow wp-block-column-is-layout-flow\">\n<figure class=\"wp-block-image size-large\"><img loading=\"lazy\" decoding=\"async\" width=\"1024\" height=\"682\" src=\"https:\/\/cptsdracenie.fr\/wp-content\/uploads\/2023\/06\/20230610_095408-1024x682.jpg\" alt=\"\" class=\"wp-image-9361\" srcset=\"https:\/\/cptsdracenie.fr\/wp-content\/uploads\/2023\/06\/20230610_095408-1024x682.jpg 1024w, https:\/\/cptsdracenie.fr\/wp-content\/uploads\/2023\/06\/20230610_095408-300x200.jpg 300w, https:\/\/cptsdracenie.fr\/wp-content\/uploads\/2023\/06\/20230610_095408-768x512.jpg 768w, https:\/\/cptsdracenie.fr\/wp-content\/uploads\/2023\/06\/20230610_095408.jpg 1181w\" sizes=\"auto, (max-width: 1024px) 100vw, 1024px\" \/><\/figure>\n<\/div>\n\n\n\n<div class=\"wp-block-column is-layout-flow wp-block-column-is-layout-flow\">\n<figure class=\"wp-block-image size-large\"><img loading=\"lazy\" decoding=\"async\" width=\"1024\" height=\"682\" src=\"https:\/\/cptsdracenie.fr\/wp-content\/uploads\/2023\/06\/20230610_105926-1024x682.jpg\" alt=\"\" class=\"wp-image-9362\" srcset=\"https:\/\/cptsdracenie.fr\/wp-content\/uploads\/2023\/06\/20230610_105926-1024x682.jpg 1024w, https:\/\/cptsdracenie.fr\/wp-content\/uploads\/2023\/06\/20230610_105926-300x200.jpg 300w, https:\/\/cptsdracenie.fr\/wp-content\/uploads\/2023\/06\/20230610_105926-768x512.jpg 768w, https:\/\/cptsdracenie.fr\/wp-content\/uploads\/2023\/06\/20230610_105926.jpg 1181w\" sizes=\"auto, (max-width: 1024px) 100vw, 1024px\" \/><\/figure>\n<\/div>\n\n\n\n<div class=\"wp-block-column is-layout-flow wp-block-column-is-layout-flow\">\n<figure class=\"wp-block-image size-large\"><img loading=\"lazy\" decoding=\"async\" width=\"1024\" height=\"682\" src=\"https:\/\/cptsdracenie.fr\/wp-content\/uploads\/2023\/06\/IMG-20230610-WA0017-1024x682.jpg\" alt=\"\" class=\"wp-image-9365\" srcset=\"https:\/\/cptsdracenie.fr\/wp-content\/uploads\/2023\/06\/IMG-20230610-WA0017-1024x682.jpg 1024w, https:\/\/cptsdracenie.fr\/wp-content\/uploads\/2023\/06\/IMG-20230610-WA0017-300x200.jpg 300w, https:\/\/cptsdracenie.fr\/wp-content\/uploads\/2023\/06\/IMG-20230610-WA0017-768x512.jpg 768w, https:\/\/cptsdracenie.fr\/wp-content\/uploads\/2023\/06\/IMG-20230610-WA0017.jpg 1181w\" sizes=\"auto, (max-width: 1024px) 100vw, 1024px\" \/><\/figure>\n<\/div>\n<\/div>\n","protected":false},"excerpt":{"rendered":"<p>Ce samedi 10 juin a eu lieu un d\u00e9pistage gratuit du diab\u00e8te r\u00e9alis\u00e9 en partenariat avec LIDER Diab\u00e8te et le L\u00e9o Club Drac\u00e9nois. 345 tests de glyc\u00e9mie capillaire ont pu \u00eatre r\u00e9alis\u00e9s lors de cette journ\u00e9e organis\u00e9e sur la place Cassin de Draguignan, ainsi qu&rsquo;au Centre Commercial Carrefour Salamandrier. Nous tenons \u00e0 remercier les Docteurs [&hellip;]<\/p>\n","protected":false},"author":1,"featured_media":9363,"comment_status":"closed","ping_status":"closed","sticky":false,"template":"","format":"standard","meta":{"footnotes":""},"categories":[39,24],"tags":[],"class_list":["post-9353","post","type-post","status-publish","format-standard","has-post-thumbnail","hentry","category-depistage","category-gt-prevention"],"yoast_head":"<!-- This site is optimized with the Yoast SEO plugin v27.5 - https:\/\/yoast.com\/product\/yoast-seo-wordpress\/ -->\n<title>D\u00e9pistage du diab\u00e8te - Draguignan &#8211; Communaut\u00e9 Professionnelle Territoriale de Sant\u00e9 Drac\u00e9nie Provence Verdon<\/title>\n<meta name=\"description\" content=\"Ce samedi 10 juin a eu lieu un d\u00e9pistage gratuit du diab\u00e8te r\u00e9alis\u00e9 en partenariat avec LIDER Diab\u00e8te et le L\u00e9o Club Drac\u00e9nois.\" \/>\n<meta name=\"robots\" content=\"index, follow, max-snippet:-1, max-image-preview:large, max-video-preview:-1\" \/>\n<link rel=\"canonical\" href=\"https:\/\/cptsdracenie.fr\/index.php\/2023\/06\/15\/depistage-du-diabete-draguignan\/\" \/>\n<meta property=\"og:locale\" content=\"fr_FR\" \/>\n<meta property=\"og:type\" content=\"article\" \/>\n<meta property=\"og:title\" content=\"D\u00e9pistage du diab\u00e8te - Draguignan &#8211; Communaut\u00e9 Professionnelle Territoriale de Sant\u00e9 Drac\u00e9nie Provence Verdon\" \/>\n<meta property=\"og:description\" content=\"Ce samedi 10 juin a eu lieu un d\u00e9pistage gratuit du diab\u00e8te r\u00e9alis\u00e9 en partenariat avec LIDER Diab\u00e8te et le L\u00e9o Club Drac\u00e9nois.\" \/>\n<meta property=\"og:url\" content=\"https:\/\/cptsdracenie.fr\/index.php\/2023\/06\/15\/depistage-du-diabete-draguignan\/\" \/>\n<meta property=\"og:site_name\" content=\"Communaut\u00e9 Professionnelle Territoriale de Sant\u00e9 Drac\u00e9nie Provence Verdon\" \/>\n<meta property=\"article:publisher\" content=\"https:\/\/www.facebook.com\/CPTSDPV\/\" \/>\n<meta property=\"article:published_time\" content=\"2023-06-15T14:34:59+00:00\" \/>\n<meta property=\"article:modified_time\" content=\"2023-06-15T14:37:57+00:00\" \/>\n<meta property=\"og:image\" content=\"https:\/\/cptsdracenie.fr\/wp-content\/uploads\/2023\/06\/IMG-20230610-WA0011.jpg\" \/>\n\t<meta property=\"og:image:width\" content=\"1575\" \/>\n\t<meta property=\"og:image:height\" content=\"687\" \/>\n\t<meta property=\"og:image:type\" content=\"image\/jpeg\" \/>\n<meta name=\"author\" content=\"admin3616\" \/>\n<meta name=\"twitter:card\" content=\"summary_large_image\" \/>\n<meta name=\"twitter:label1\" content=\"\u00c9crit par\" \/>\n\t<meta name=\"twitter:data1\" content=\"admin3616\" \/>\n\t<meta name=\"twitter:label2\" content=\"Dur\u00e9e de lecture estim\u00e9e\" \/>\n\t<meta name=\"twitter:data2\" content=\"3 minutes\" \/>\n<script type=\"application\/ld+json\" class=\"yoast-schema-graph\">{\"@context\":\"https:\\\/\\\/schema.org\",\"@graph\":[{\"@type\":\"Article\",\"@id\":\"https:\\\/\\\/cptsdracenie.fr\\\/index.php\\\/2023\\\/06\\\/15\\\/depistage-du-diabete-draguignan\\\/#article\",\"isPartOf\":{\"@id\":\"https:\\\/\\\/cptsdracenie.fr\\\/index.php\\\/2023\\\/06\\\/15\\\/depistage-du-diabete-draguignan\\\/\"},\"author\":{\"name\":\"admin3616\",\"@id\":\"https:\\\/\\\/cptsdracenie.fr\\\/#\\\/schema\\\/person\\\/5e8dad6c13b12c27c2c19a8e30ad1033\"},\"headline\":\"D\u00e9pistage du diab\u00e8te &#8211; Draguignan\",\"datePublished\":\"2023-06-15T14:34:59+00:00\",\"dateModified\":\"2023-06-15T14:37:57+00:00\",\"mainEntityOfPage\":{\"@id\":\"https:\\\/\\\/cptsdracenie.fr\\\/index.php\\\/2023\\\/06\\\/15\\\/depistage-du-diabete-draguignan\\\/\"},\"wordCount\":79,\"publisher\":{\"@id\":\"https:\\\/\\\/cptsdracenie.fr\\\/#organization\"},\"image\":{\"@id\":\"https:\\\/\\\/cptsdracenie.fr\\\/index.php\\\/2023\\\/06\\\/15\\\/depistage-du-diabete-draguignan\\\/#primaryimage\"},\"thumbnailUrl\":\"https:\\\/\\\/cptsdracenie.fr\\\/wp-content\\\/uploads\\\/2023\\\/06\\\/IMG-20230610-WA0011.jpg\",\"articleSection\":[\"D\u00e9pistage\",\"Pr\u00e9vention\"],\"inLanguage\":\"fr-FR\"},{\"@type\":\"WebPage\",\"@id\":\"https:\\\/\\\/cptsdracenie.fr\\\/index.php\\\/2023\\\/06\\\/15\\\/depistage-du-diabete-draguignan\\\/\",\"url\":\"https:\\\/\\\/cptsdracenie.fr\\\/index.php\\\/2023\\\/06\\\/15\\\/depistage-du-diabete-draguignan\\\/\",\"name\":\"D\u00e9pistage du diab\u00e8te - Draguignan &#8211; Communaut\u00e9 Professionnelle Territoriale de Sant\u00e9 Drac\u00e9nie Provence Verdon\",\"isPartOf\":{\"@id\":\"https:\\\/\\\/cptsdracenie.fr\\\/#website\"},\"primaryImageOfPage\":{\"@id\":\"https:\\\/\\\/cptsdracenie.fr\\\/index.php\\\/2023\\\/06\\\/15\\\/depistage-du-diabete-draguignan\\\/#primaryimage\"},\"image\":{\"@id\":\"https:\\\/\\\/cptsdracenie.fr\\\/index.php\\\/2023\\\/06\\\/15\\\/depistage-du-diabete-draguignan\\\/#primaryimage\"},\"thumbnailUrl\":\"https:\\\/\\\/cptsdracenie.fr\\\/wp-content\\\/uploads\\\/2023\\\/06\\\/IMG-20230610-WA0011.jpg\",\"datePublished\":\"2023-06-15T14:34:59+00:00\",\"dateModified\":\"2023-06-15T14:37:57+00:00\",\"description\":\"Ce samedi 10 juin a eu lieu un d\u00e9pistage gratuit du diab\u00e8te r\u00e9alis\u00e9 en partenariat avec LIDER Diab\u00e8te et le L\u00e9o Club Drac\u00e9nois.\",\"breadcrumb\":{\"@id\":\"https:\\\/\\\/cptsdracenie.fr\\\/index.php\\\/2023\\\/06\\\/15\\\/depistage-du-diabete-draguignan\\\/#breadcrumb\"},\"inLanguage\":\"fr-FR\",\"potentialAction\":[{\"@type\":\"ReadAction\",\"target\":[\"https:\\\/\\\/cptsdracenie.fr\\\/index.php\\\/2023\\\/06\\\/15\\\/depistage-du-diabete-draguignan\\\/\"]}]},{\"@type\":\"ImageObject\",\"inLanguage\":\"fr-FR\",\"@id\":\"https:\\\/\\\/cptsdracenie.fr\\\/index.php\\\/2023\\\/06\\\/15\\\/depistage-du-diabete-draguignan\\\/#primaryimage\",\"url\":\"https:\\\/\\\/cptsdracenie.fr\\\/wp-content\\\/uploads\\\/2023\\\/06\\\/IMG-20230610-WA0011.jpg\",\"contentUrl\":\"https:\\\/\\\/cptsdracenie.fr\\\/wp-content\\\/uploads\\\/2023\\\/06\\\/IMG-20230610-WA0011.jpg\",\"width\":1575,\"height\":687},{\"@type\":\"BreadcrumbList\",\"@id\":\"https:\\\/\\\/cptsdracenie.fr\\\/index.php\\\/2023\\\/06\\\/15\\\/depistage-du-diabete-draguignan\\\/#breadcrumb\",\"itemListElement\":[{\"@type\":\"ListItem\",\"position\":1,\"name\":\"Accueil\",\"item\":\"https:\\\/\\\/cptsdracenie.fr\\\/\"},{\"@type\":\"ListItem\",\"position\":2,\"name\":\"D\u00e9pistage du diab\u00e8te &#8211; Draguignan\"}]},{\"@type\":\"WebSite\",\"@id\":\"https:\\\/\\\/cptsdracenie.fr\\\/#website\",\"url\":\"https:\\\/\\\/cptsdracenie.fr\\\/\",\"name\":\"CPTS DPV\",\"description\":\" CPTS Drac\u00e9nie Provence Verdon\",\"publisher\":{\"@id\":\"https:\\\/\\\/cptsdracenie.fr\\\/#organization\"},\"potentialAction\":[{\"@type\":\"SearchAction\",\"target\":{\"@type\":\"EntryPoint\",\"urlTemplate\":\"https:\\\/\\\/cptsdracenie.fr\\\/?s={search_term_string}\"},\"query-input\":{\"@type\":\"PropertyValueSpecification\",\"valueRequired\":true,\"valueName\":\"search_term_string\"}}],\"inLanguage\":\"fr-FR\"},{\"@type\":\"Organization\",\"@id\":\"https:\\\/\\\/cptsdracenie.fr\\\/#organization\",\"name\":\"CPTS Drac\u00e9nie-Provence-Verdon\",\"url\":\"https:\\\/\\\/cptsdracenie.fr\\\/\",\"logo\":{\"@type\":\"ImageObject\",\"inLanguage\":\"fr-FR\",\"@id\":\"https:\\\/\\\/cptsdracenie.fr\\\/#\\\/schema\\\/logo\\\/image\\\/\",\"url\":\"https:\\\/\\\/cptsdracenie.fr\\\/wp-content\\\/uploads\\\/2020\\\/01\\\/CPTS-version-2-blanc.png\",\"contentUrl\":\"https:\\\/\\\/cptsdracenie.fr\\\/wp-content\\\/uploads\\\/2020\\\/01\\\/CPTS-version-2-blanc.png\",\"width\":200,\"height\":200,\"caption\":\"CPTS Drac\u00e9nie-Provence-Verdon\"},\"image\":{\"@id\":\"https:\\\/\\\/cptsdracenie.fr\\\/#\\\/schema\\\/logo\\\/image\\\/\"},\"sameAs\":[\"https:\\\/\\\/www.facebook.com\\\/CPTSDPV\\\/\",\"https:\\\/\\\/www.linkedin.com\\\/company\\\/cpts-drac\u00e9nie-provence-verdon\\\/\"]},{\"@type\":\"Person\",\"@id\":\"https:\\\/\\\/cptsdracenie.fr\\\/#\\\/schema\\\/person\\\/5e8dad6c13b12c27c2c19a8e30ad1033\",\"name\":\"admin3616\",\"image\":{\"@type\":\"ImageObject\",\"inLanguage\":\"fr-FR\",\"@id\":\"https:\\\/\\\/secure.gravatar.com\\\/avatar\\\/f8b04cb7d4761647a9b275540c35d016b876dd8b19911751d862cb3a24a19aaf?s=96&d=mm&r=g\",\"url\":\"https:\\\/\\\/secure.gravatar.com\\\/avatar\\\/f8b04cb7d4761647a9b275540c35d016b876dd8b19911751d862cb3a24a19aaf?s=96&d=mm&r=g\",\"contentUrl\":\"https:\\\/\\\/secure.gravatar.com\\\/avatar\\\/f8b04cb7d4761647a9b275540c35d016b876dd8b19911751d862cb3a24a19aaf?s=96&d=mm&r=g\",\"caption\":\"admin3616\"},\"url\":\"https:\\\/\\\/cptsdracenie.fr\\\/index.php\\\/author\\\/admin3616\\\/\"}]}<\/script>\n<!-- \/ Yoast SEO plugin. -->","yoast_head_json":{"title":"D\u00e9pistage du diab\u00e8te - Draguignan &#8211; Communaut\u00e9 Professionnelle Territoriale de Sant\u00e9 Drac\u00e9nie Provence Verdon","description":"Ce samedi 10 juin a eu lieu un d\u00e9pistage gratuit du diab\u00e8te r\u00e9alis\u00e9 en partenariat avec LIDER Diab\u00e8te et le L\u00e9o Club Drac\u00e9nois.","robots":{"index":"index","follow":"follow","max-snippet":"max-snippet:-1","max-image-preview":"max-image-preview:large","max-video-preview":"max-video-preview:-1"},"canonical":"https:\/\/cptsdracenie.fr\/index.php\/2023\/06\/15\/depistage-du-diabete-draguignan\/","og_locale":"fr_FR","og_type":"article","og_title":"D\u00e9pistage du diab\u00e8te - Draguignan &#8211; Communaut\u00e9 Professionnelle Territoriale de Sant\u00e9 Drac\u00e9nie Provence Verdon","og_description":"Ce samedi 10 juin a eu lieu un d\u00e9pistage gratuit du diab\u00e8te r\u00e9alis\u00e9 en partenariat avec LIDER Diab\u00e8te et le L\u00e9o Club Drac\u00e9nois.","og_url":"https:\/\/cptsdracenie.fr\/index.php\/2023\/06\/15\/depistage-du-diabete-draguignan\/","og_site_name":"Communaut\u00e9 Professionnelle Territoriale de Sant\u00e9 Drac\u00e9nie Provence Verdon","article_publisher":"https:\/\/www.facebook.com\/CPTSDPV\/","article_published_time":"2023-06-15T14:34:59+00:00","article_modified_time":"2023-06-15T14:37:57+00:00","og_image":[{"width":1575,"height":687,"url":"https:\/\/cptsdracenie.fr\/wp-content\/uploads\/2023\/06\/IMG-20230610-WA0011.jpg","type":"image\/jpeg"}],"author":"admin3616","twitter_card":"summary_large_image","twitter_misc":{"\u00c9crit par":"admin3616","Dur\u00e9e de lecture estim\u00e9e":"3 minutes"},"schema":{"@context":"https:\/\/schema.org","@graph":[{"@type":"Article","@id":"https:\/\/cptsdracenie.fr\/index.php\/2023\/06\/15\/depistage-du-diabete-draguignan\/#article","isPartOf":{"@id":"https:\/\/cptsdracenie.fr\/index.php\/2023\/06\/15\/depistage-du-diabete-draguignan\/"},"author":{"name":"admin3616","@id":"https:\/\/cptsdracenie.fr\/#\/schema\/person\/5e8dad6c13b12c27c2c19a8e30ad1033"},"headline":"D\u00e9pistage du diab\u00e8te &#8211; Draguignan","datePublished":"2023-06-15T14:34:59+00:00","dateModified":"2023-06-15T14:37:57+00:00","mainEntityOfPage":{"@id":"https:\/\/cptsdracenie.fr\/index.php\/2023\/06\/15\/depistage-du-diabete-draguignan\/"},"wordCount":79,"publisher":{"@id":"https:\/\/cptsdracenie.fr\/#organization"},"image":{"@id":"https:\/\/cptsdracenie.fr\/index.php\/2023\/06\/15\/depistage-du-diabete-draguignan\/#primaryimage"},"thumbnailUrl":"https:\/\/cptsdracenie.fr\/wp-content\/uploads\/2023\/06\/IMG-20230610-WA0011.jpg","articleSection":["D\u00e9pistage","Pr\u00e9vention"],"inLanguage":"fr-FR"},{"@type":"WebPage","@id":"https:\/\/cptsdracenie.fr\/index.php\/2023\/06\/15\/depistage-du-diabete-draguignan\/","url":"https:\/\/cptsdracenie.fr\/index.php\/2023\/06\/15\/depistage-du-diabete-draguignan\/","name":"D\u00e9pistage du diab\u00e8te - Draguignan &#8211; Communaut\u00e9 Professionnelle Territoriale de Sant\u00e9 Drac\u00e9nie Provence Verdon","isPartOf":{"@id":"https:\/\/cptsdracenie.fr\/#website"},"primaryImageOfPage":{"@id":"https:\/\/cptsdracenie.fr\/index.php\/2023\/06\/15\/depistage-du-diabete-draguignan\/#primaryimage"},"image":{"@id":"https:\/\/cptsdracenie.fr\/index.php\/2023\/06\/15\/depistage-du-diabete-draguignan\/#primaryimage"},"thumbnailUrl":"https:\/\/cptsdracenie.fr\/wp-content\/uploads\/2023\/06\/IMG-20230610-WA0011.jpg","datePublished":"2023-06-15T14:34:59+00:00","dateModified":"2023-06-15T14:37:57+00:00","description":"Ce samedi 10 juin a eu lieu un d\u00e9pistage gratuit du diab\u00e8te r\u00e9alis\u00e9 en partenariat avec LIDER Diab\u00e8te et le L\u00e9o Club Drac\u00e9nois.","breadcrumb":{"@id":"https:\/\/cptsdracenie.fr\/index.php\/2023\/06\/15\/depistage-du-diabete-draguignan\/#breadcrumb"},"inLanguage":"fr-FR","potentialAction":[{"@type":"ReadAction","target":["https:\/\/cptsdracenie.fr\/index.php\/2023\/06\/15\/depistage-du-diabete-draguignan\/"]}]},{"@type":"ImageObject","inLanguage":"fr-FR","@id":"https:\/\/cptsdracenie.fr\/index.php\/2023\/06\/15\/depistage-du-diabete-draguignan\/#primaryimage","url":"https:\/\/cptsdracenie.fr\/wp-content\/uploads\/2023\/06\/IMG-20230610-WA0011.jpg","contentUrl":"https:\/\/cptsdracenie.fr\/wp-content\/uploads\/2023\/06\/IMG-20230610-WA0011.jpg","width":1575,"height":687},{"@type":"BreadcrumbList","@id":"https:\/\/cptsdracenie.fr\/index.php\/2023\/06\/15\/depistage-du-diabete-draguignan\/#breadcrumb","itemListElement":[{"@type":"ListItem","position":1,"name":"Accueil","item":"https:\/\/cptsdracenie.fr\/"},{"@type":"ListItem","position":2,"name":"D\u00e9pistage du diab\u00e8te &#8211; Draguignan"}]},{"@type":"WebSite","@id":"https:\/\/cptsdracenie.fr\/#website","url":"https:\/\/cptsdracenie.fr\/","name":"CPTS DPV","description":" CPTS Drac\u00e9nie Provence Verdon","publisher":{"@id":"https:\/\/cptsdracenie.fr\/#organization"},"potentialAction":[{"@type":"SearchAction","target":{"@type":"EntryPoint","urlTemplate":"https:\/\/cptsdracenie.fr\/?s={search_term_string}"},"query-input":{"@type":"PropertyValueSpecification","valueRequired":true,"valueName":"search_term_string"}}],"inLanguage":"fr-FR"},{"@type":"Organization","@id":"https:\/\/cptsdracenie.fr\/#organization","name":"CPTS Drac\u00e9nie-Provence-Verdon","url":"https:\/\/cptsdracenie.fr\/","logo":{"@type":"ImageObject","inLanguage":"fr-FR","@id":"https:\/\/cptsdracenie.fr\/#\/schema\/logo\/image\/","url":"https:\/\/cptsdracenie.fr\/wp-content\/uploads\/2020\/01\/CPTS-version-2-blanc.png","contentUrl":"https:\/\/cptsdracenie.fr\/wp-content\/uploads\/2020\/01\/CPTS-version-2-blanc.png","width":200,"height":200,"caption":"CPTS Drac\u00e9nie-Provence-Verdon"},"image":{"@id":"https:\/\/cptsdracenie.fr\/#\/schema\/logo\/image\/"},"sameAs":["https:\/\/www.facebook.com\/CPTSDPV\/","https:\/\/www.linkedin.com\/company\/cpts-drac\u00e9nie-provence-verdon\/"]},{"@type":"Person","@id":"https:\/\/cptsdracenie.fr\/#\/schema\/person\/5e8dad6c13b12c27c2c19a8e30ad1033","name":"admin3616","image":{"@type":"ImageObject","inLanguage":"fr-FR","@id":"https:\/\/secure.gravatar.com\/avatar\/f8b04cb7d4761647a9b275540c35d016b876dd8b19911751d862cb3a24a19aaf?s=96&d=mm&r=g","url":"https:\/\/secure.gravatar.com\/avatar\/f8b04cb7d4761647a9b275540c35d016b876dd8b19911751d862cb3a24a19aaf?s=96&d=mm&r=g","contentUrl":"https:\/\/secure.gravatar.com\/avatar\/f8b04cb7d4761647a9b275540c35d016b876dd8b19911751d862cb3a24a19aaf?s=96&d=mm&r=g","caption":"admin3616"},"url":"https:\/\/cptsdracenie.fr\/index.php\/author\/admin3616\/"}]}},"_links":{"self":[{"href":"https:\/\/cptsdracenie.fr\/index.php\/wp-json\/wp\/v2\/posts\/9353","targetHints":{"allow":["GET"]}}],"collection":[{"href":"https:\/\/cptsdracenie.fr\/index.php\/wp-json\/wp\/v2\/posts"}],"about":[{"href":"https:\/\/cptsdracenie.fr\/index.php\/wp-json\/wp\/v2\/types\/post"}],"author":[{"embeddable":true,"href":"https:\/\/cptsdracenie.fr\/index.php\/wp-json\/wp\/v2\/users\/1"}],"replies":[{"embeddable":true,"href":"https:\/\/cptsdracenie.fr\/index.php\/wp-json\/wp\/v2\/comments?post=9353"}],"version-history":[{"count":5,"href":"https:\/\/cptsdracenie.fr\/index.php\/wp-json\/wp\/v2\/posts\/9353\/revisions"}],"predecessor-version":[{"id":9368,"href":"https:\/\/cptsdracenie.fr\/index.php\/wp-json\/wp\/v2\/posts\/9353\/revisions\/9368"}],"wp:featuredmedia":[{"embeddable":true,"href":"https:\/\/cptsdracenie.fr\/index.php\/wp-json\/wp\/v2\/media\/9363"}],"wp:attachment":[{"href":"https:\/\/cptsdracenie.fr\/index.php\/wp-json\/wp\/v2\/media?parent=9353"}],"wp:term":[{"taxonomy":"category","embeddable":true,"href":"https:\/\/cptsdracenie.fr\/index.php\/wp-json\/wp\/v2\/categories?post=9353"},{"taxonomy":"post_tag","embeddable":true,"href":"https:\/\/cptsdracenie.fr\/index.php\/wp-json\/wp\/v2\/tags?post=9353"}],"curies":[{"name":"wp","href":"https:\/\/api.w.org\/{rel}","templated":true}]}}