{"id":9570,"date":"2023-07-12T09:28:48","date_gmt":"2023-07-12T07:28:48","guid":{"rendered":"https:\/\/cptsdracenie.fr\/?p=9570"},"modified":"2023-07-12T09:28:48","modified_gmt":"2023-07-12T07:28:48","slug":"projet-regional-de-sante-2023-2028","status":"publish","type":"post","link":"https:\/\/cptsdracenie.fr\/index.php\/2023\/07\/12\/projet-regional-de-sante-2023-2028\/","title":{"rendered":"Projet R\u00e9gional de Sant\u00e9 2023-2028"},"content":{"rendered":"\n<p>L&rsquo;ARS PACA lance, apr\u00e8s plus d&rsquo;une ann\u00e9e de travail collaboratif, la consultation officielle du Projet R\u00e9gional de sant\u00e9.<\/p>\n\n\n\n<p>Ce document fonde la politique r\u00e9gionale de sant\u00e9, les objectifs \u00e0 5 ans ainsi que les moyens d&rsquo;y parvenir.<\/p>\n\n\n\n<figure class=\"wp-block-image size-full\"><img loading=\"lazy\" decoding=\"async\" width=\"911\" height=\"520\" src=\"https:\/\/cptsdracenie.fr\/wp-content\/uploads\/2023\/07\/image-1.png\" alt=\"\" class=\"wp-image-9571\" srcset=\"https:\/\/cptsdracenie.fr\/wp-content\/uploads\/2023\/07\/image-1.png 911w, https:\/\/cptsdracenie.fr\/wp-content\/uploads\/2023\/07\/image-1-300x171.png 300w, https:\/\/cptsdracenie.fr\/wp-content\/uploads\/2023\/07\/image-1-768x438.png 768w\" sizes=\"auto, (max-width: 911px) 100vw, 911px\" \/><\/figure>\n\n\n\n<p>Ce Projet R\u00e9gional de sant\u00e9 est propos\u00e9 en avis consultatif au public :<\/p>\n\n\n\n<div data-wp-interactive=\"core\/file\" class=\"wp-block-file\"><object data-wp-bind--hidden=\"!state.hasPdfPreview\" hidden class=\"wp-block-file__embed\" data=\"https:\/\/cptsdracenie.fr\/wp-content\/uploads\/2023\/07\/Schema-regional-de-sante-PACA-2023-2028.pdf\" type=\"application\/pdf\" style=\"width:100%;height:600px\" aria-label=\"Contenu embarqu\u00e9 Schema-regional-de-sante-PACA-2023-2028.\"><\/object><a id=\"wp-block-file--media-3dd4110a-9a81-431d-ac69-c76e7df2b651\" href=\"https:\/\/cptsdracenie.fr\/wp-content\/uploads\/2023\/07\/Schema-regional-de-sante-PACA-2023-2028.pdf\">Schema-regional-de-sante-PACA-2023-2028<\/a><a href=\"https:\/\/cptsdracenie.fr\/wp-content\/uploads\/2023\/07\/Schema-regional-de-sante-PACA-2023-2028.pdf\" class=\"wp-block-file__button wp-element-button\" download aria-describedby=\"wp-block-file--media-3dd4110a-9a81-431d-ac69-c76e7df2b651\">T\u00e9l\u00e9charger<\/a><\/div>\n\n\n\n<div data-wp-interactive=\"core\/file\" class=\"wp-block-file\"><object data-wp-bind--hidden=\"!state.hasPdfPreview\" hidden class=\"wp-block-file__embed\" data=\"https:\/\/cptsdracenie.fr\/wp-content\/uploads\/2023\/07\/Programme-regional-pour-Lacces-a-la-prevention-et-aux-soins-les-plus-demunis.pdf\" type=\"application\/pdf\" style=\"width:100%;height:600px\" aria-label=\"Contenu embarqu\u00e9 Programme-regional-pour-Lacces-a-la-prevention-et-aux-soins-les-plus-demunis.\"><\/object><a id=\"wp-block-file--media-c29fecc4-ae8d-4d7a-9c35-8b5267b5c6d0\" href=\"https:\/\/cptsdracenie.fr\/wp-content\/uploads\/2023\/07\/Programme-regional-pour-Lacces-a-la-prevention-et-aux-soins-les-plus-demunis.pdf\">Programme-regional-pour-Lacces-a-la-prevention-et-aux-soins-les-plus-demunis<\/a><a href=\"https:\/\/cptsdracenie.fr\/wp-content\/uploads\/2023\/07\/Programme-regional-pour-Lacces-a-la-prevention-et-aux-soins-les-plus-demunis.pdf\" class=\"wp-block-file__button wp-element-button\" download aria-describedby=\"wp-block-file--media-c29fecc4-ae8d-4d7a-9c35-8b5267b5c6d0\">T\u00e9l\u00e9charger<\/a><\/div>\n","protected":false},"excerpt":{"rendered":"<p>L&rsquo;ARS PACA lance, apr\u00e8s plus d&rsquo;une ann\u00e9e de travail collaboratif, la consultation officielle du Projet R\u00e9gional de sant\u00e9. Ce document fonde la politique r\u00e9gionale de sant\u00e9, les objectifs \u00e0 5 ans ainsi que les moyens d&rsquo;y parvenir. Ce Projet R\u00e9gional de sant\u00e9 est propos\u00e9 en avis consultatif au public :<\/p>\n","protected":false},"author":1,"featured_media":9571,"comment_status":"closed","ping_status":"closed","sticky":false,"template":"","format":"standard","meta":{"footnotes":""},"categories":[7,27],"tags":[],"class_list":["post-9570","post","type-post","status-publish","format-standard","has-post-thumbnail","hentry","category-association","category-informations"],"yoast_head":"<!-- This site is optimized with the Yoast SEO plugin v27.5 - https:\/\/yoast.com\/product\/yoast-seo-wordpress\/ -->\n<title>Projet R\u00e9gional de Sant\u00e9 2023-2028 &#8211; Communaut\u00e9 Professionnelle Territoriale de Sant\u00e9 Drac\u00e9nie Provence Verdon<\/title>\n<meta name=\"description\" content=\"L&#039;ARS PACA lance, apr\u00e8s plus d&#039;une ann\u00e9e de travail collaboratif, la consultation officielle du Projet R\u00e9gional de sant\u00e9.\" \/>\n<meta name=\"robots\" content=\"index, follow, max-snippet:-1, max-image-preview:large, max-video-preview:-1\" \/>\n<link rel=\"canonical\" href=\"https:\/\/cptsdracenie.fr\/index.php\/2023\/07\/12\/projet-regional-de-sante-2023-2028\/\" \/>\n<meta property=\"og:locale\" content=\"fr_FR\" \/>\n<meta property=\"og:type\" content=\"article\" \/>\n<meta property=\"og:title\" content=\"Projet R\u00e9gional de Sant\u00e9 2023-2028 &#8211; Communaut\u00e9 Professionnelle Territoriale de Sant\u00e9 Drac\u00e9nie Provence Verdon\" \/>\n<meta property=\"og:description\" content=\"L&#039;ARS PACA lance, apr\u00e8s plus d&#039;une ann\u00e9e de travail collaboratif, la consultation officielle du Projet R\u00e9gional de sant\u00e9.\" \/>\n<meta property=\"og:url\" content=\"https:\/\/cptsdracenie.fr\/index.php\/2023\/07\/12\/projet-regional-de-sante-2023-2028\/\" \/>\n<meta property=\"og:site_name\" content=\"Communaut\u00e9 Professionnelle Territoriale de Sant\u00e9 Drac\u00e9nie Provence Verdon\" \/>\n<meta property=\"article:publisher\" content=\"https:\/\/www.facebook.com\/CPTSDPV\/\" \/>\n<meta property=\"article:published_time\" content=\"2023-07-12T07:28:48+00:00\" \/>\n<meta property=\"og:image\" content=\"https:\/\/cptsdracenie.fr\/wp-content\/uploads\/2023\/07\/image-1.png\" \/>\n\t<meta property=\"og:image:width\" content=\"911\" \/>\n\t<meta property=\"og:image:height\" content=\"520\" \/>\n\t<meta property=\"og:image:type\" content=\"image\/png\" \/>\n<meta name=\"author\" content=\"admin3616\" \/>\n<meta name=\"twitter:card\" content=\"summary_large_image\" \/>\n<meta name=\"twitter:label1\" content=\"\u00c9crit par\" \/>\n\t<meta name=\"twitter:data1\" content=\"admin3616\" \/>\n\t<meta name=\"twitter:label2\" content=\"Dur\u00e9e de lecture estim\u00e9e\" \/>\n\t<meta name=\"twitter:data2\" content=\"1 minute\" \/>\n<script type=\"application\/ld+json\" class=\"yoast-schema-graph\">{\"@context\":\"https:\\\/\\\/schema.org\",\"@graph\":[{\"@type\":\"Article\",\"@id\":\"https:\\\/\\\/cptsdracenie.fr\\\/index.php\\\/2023\\\/07\\\/12\\\/projet-regional-de-sante-2023-2028\\\/#article\",\"isPartOf\":{\"@id\":\"https:\\\/\\\/cptsdracenie.fr\\\/index.php\\\/2023\\\/07\\\/12\\\/projet-regional-de-sante-2023-2028\\\/\"},\"author\":{\"name\":\"admin3616\",\"@id\":\"https:\\\/\\\/cptsdracenie.fr\\\/#\\\/schema\\\/person\\\/5e8dad6c13b12c27c2c19a8e30ad1033\"},\"headline\":\"Projet R\u00e9gional de Sant\u00e9 2023-2028\",\"datePublished\":\"2023-07-12T07:28:48+00:00\",\"mainEntityOfPage\":{\"@id\":\"https:\\\/\\\/cptsdracenie.fr\\\/index.php\\\/2023\\\/07\\\/12\\\/projet-regional-de-sante-2023-2028\\\/\"},\"wordCount\":70,\"publisher\":{\"@id\":\"https:\\\/\\\/cptsdracenie.fr\\\/#organization\"},\"image\":{\"@id\":\"https:\\\/\\\/cptsdracenie.fr\\\/index.php\\\/2023\\\/07\\\/12\\\/projet-regional-de-sante-2023-2028\\\/#primaryimage\"},\"thumbnailUrl\":\"https:\\\/\\\/cptsdracenie.fr\\\/wp-content\\\/uploads\\\/2023\\\/07\\\/image-1.png\",\"articleSection\":[\"Association\",\"Informations g\u00e9n\u00e9rale\"],\"inLanguage\":\"fr-FR\"},{\"@type\":\"WebPage\",\"@id\":\"https:\\\/\\\/cptsdracenie.fr\\\/index.php\\\/2023\\\/07\\\/12\\\/projet-regional-de-sante-2023-2028\\\/\",\"url\":\"https:\\\/\\\/cptsdracenie.fr\\\/index.php\\\/2023\\\/07\\\/12\\\/projet-regional-de-sante-2023-2028\\\/\",\"name\":\"Projet R\u00e9gional de Sant\u00e9 2023-2028 &#8211; Communaut\u00e9 Professionnelle Territoriale de Sant\u00e9 Drac\u00e9nie Provence Verdon\",\"isPartOf\":{\"@id\":\"https:\\\/\\\/cptsdracenie.fr\\\/#website\"},\"primaryImageOfPage\":{\"@id\":\"https:\\\/\\\/cptsdracenie.fr\\\/index.php\\\/2023\\\/07\\\/12\\\/projet-regional-de-sante-2023-2028\\\/#primaryimage\"},\"image\":{\"@id\":\"https:\\\/\\\/cptsdracenie.fr\\\/index.php\\\/2023\\\/07\\\/12\\\/projet-regional-de-sante-2023-2028\\\/#primaryimage\"},\"thumbnailUrl\":\"https:\\\/\\\/cptsdracenie.fr\\\/wp-content\\\/uploads\\\/2023\\\/07\\\/image-1.png\",\"datePublished\":\"2023-07-12T07:28:48+00:00\",\"description\":\"L'ARS PACA lance, apr\u00e8s plus d'une ann\u00e9e de travail collaboratif, la consultation officielle du Projet R\u00e9gional de sant\u00e9.\",\"breadcrumb\":{\"@id\":\"https:\\\/\\\/cptsdracenie.fr\\\/index.php\\\/2023\\\/07\\\/12\\\/projet-regional-de-sante-2023-2028\\\/#breadcrumb\"},\"inLanguage\":\"fr-FR\",\"potentialAction\":[{\"@type\":\"ReadAction\",\"target\":[\"https:\\\/\\\/cptsdracenie.fr\\\/index.php\\\/2023\\\/07\\\/12\\\/projet-regional-de-sante-2023-2028\\\/\"]}]},{\"@type\":\"ImageObject\",\"inLanguage\":\"fr-FR\",\"@id\":\"https:\\\/\\\/cptsdracenie.fr\\\/index.php\\\/2023\\\/07\\\/12\\\/projet-regional-de-sante-2023-2028\\\/#primaryimage\",\"url\":\"https:\\\/\\\/cptsdracenie.fr\\\/wp-content\\\/uploads\\\/2023\\\/07\\\/image-1.png\",\"contentUrl\":\"https:\\\/\\\/cptsdracenie.fr\\\/wp-content\\\/uploads\\\/2023\\\/07\\\/image-1.png\",\"width\":911,\"height\":520},{\"@type\":\"BreadcrumbList\",\"@id\":\"https:\\\/\\\/cptsdracenie.fr\\\/index.php\\\/2023\\\/07\\\/12\\\/projet-regional-de-sante-2023-2028\\\/#breadcrumb\",\"itemListElement\":[{\"@type\":\"ListItem\",\"position\":1,\"name\":\"Accueil\",\"item\":\"https:\\\/\\\/cptsdracenie.fr\\\/\"},{\"@type\":\"ListItem\",\"position\":2,\"name\":\"Projet R\u00e9gional de Sant\u00e9 2023-2028\"}]},{\"@type\":\"WebSite\",\"@id\":\"https:\\\/\\\/cptsdracenie.fr\\\/#website\",\"url\":\"https:\\\/\\\/cptsdracenie.fr\\\/\",\"name\":\"CPTS DPV\",\"description\":\" CPTS Drac\u00e9nie Provence Verdon\",\"publisher\":{\"@id\":\"https:\\\/\\\/cptsdracenie.fr\\\/#organization\"},\"potentialAction\":[{\"@type\":\"SearchAction\",\"target\":{\"@type\":\"EntryPoint\",\"urlTemplate\":\"https:\\\/\\\/cptsdracenie.fr\\\/?s={search_term_string}\"},\"query-input\":{\"@type\":\"PropertyValueSpecification\",\"valueRequired\":true,\"valueName\":\"search_term_string\"}}],\"inLanguage\":\"fr-FR\"},{\"@type\":\"Organization\",\"@id\":\"https:\\\/\\\/cptsdracenie.fr\\\/#organization\",\"name\":\"CPTS Drac\u00e9nie-Provence-Verdon\",\"url\":\"https:\\\/\\\/cptsdracenie.fr\\\/\",\"logo\":{\"@type\":\"ImageObject\",\"inLanguage\":\"fr-FR\",\"@id\":\"https:\\\/\\\/cptsdracenie.fr\\\/#\\\/schema\\\/logo\\\/image\\\/\",\"url\":\"https:\\\/\\\/cptsdracenie.fr\\\/wp-content\\\/uploads\\\/2020\\\/01\\\/CPTS-version-2-blanc.png\",\"contentUrl\":\"https:\\\/\\\/cptsdracenie.fr\\\/wp-content\\\/uploads\\\/2020\\\/01\\\/CPTS-version-2-blanc.png\",\"width\":200,\"height\":200,\"caption\":\"CPTS Drac\u00e9nie-Provence-Verdon\"},\"image\":{\"@id\":\"https:\\\/\\\/cptsdracenie.fr\\\/#\\\/schema\\\/logo\\\/image\\\/\"},\"sameAs\":[\"https:\\\/\\\/www.facebook.com\\\/CPTSDPV\\\/\",\"https:\\\/\\\/www.linkedin.com\\\/company\\\/cpts-drac\u00e9nie-provence-verdon\\\/\"]},{\"@type\":\"Person\",\"@id\":\"https:\\\/\\\/cptsdracenie.fr\\\/#\\\/schema\\\/person\\\/5e8dad6c13b12c27c2c19a8e30ad1033\",\"name\":\"admin3616\",\"image\":{\"@type\":\"ImageObject\",\"inLanguage\":\"fr-FR\",\"@id\":\"https:\\\/\\\/secure.gravatar.com\\\/avatar\\\/f8b04cb7d4761647a9b275540c35d016b876dd8b19911751d862cb3a24a19aaf?s=96&d=mm&r=g\",\"url\":\"https:\\\/\\\/secure.gravatar.com\\\/avatar\\\/f8b04cb7d4761647a9b275540c35d016b876dd8b19911751d862cb3a24a19aaf?s=96&d=mm&r=g\",\"contentUrl\":\"https:\\\/\\\/secure.gravatar.com\\\/avatar\\\/f8b04cb7d4761647a9b275540c35d016b876dd8b19911751d862cb3a24a19aaf?s=96&d=mm&r=g\",\"caption\":\"admin3616\"},\"url\":\"https:\\\/\\\/cptsdracenie.fr\\\/index.php\\\/author\\\/admin3616\\\/\"}]}<\/script>\n<!-- \/ Yoast SEO plugin. -->","yoast_head_json":{"title":"Projet R\u00e9gional de Sant\u00e9 2023-2028 &#8211; Communaut\u00e9 Professionnelle Territoriale de Sant\u00e9 Drac\u00e9nie Provence Verdon","description":"L'ARS PACA lance, apr\u00e8s plus d'une ann\u00e9e de travail collaboratif, la consultation officielle du Projet R\u00e9gional de sant\u00e9.","robots":{"index":"index","follow":"follow","max-snippet":"max-snippet:-1","max-image-preview":"max-image-preview:large","max-video-preview":"max-video-preview:-1"},"canonical":"https:\/\/cptsdracenie.fr\/index.php\/2023\/07\/12\/projet-regional-de-sante-2023-2028\/","og_locale":"fr_FR","og_type":"article","og_title":"Projet R\u00e9gional de Sant\u00e9 2023-2028 &#8211; Communaut\u00e9 Professionnelle Territoriale de Sant\u00e9 Drac\u00e9nie Provence Verdon","og_description":"L'ARS PACA lance, apr\u00e8s plus d'une ann\u00e9e de travail collaboratif, la consultation officielle du Projet R\u00e9gional de sant\u00e9.","og_url":"https:\/\/cptsdracenie.fr\/index.php\/2023\/07\/12\/projet-regional-de-sante-2023-2028\/","og_site_name":"Communaut\u00e9 Professionnelle Territoriale de Sant\u00e9 Drac\u00e9nie Provence Verdon","article_publisher":"https:\/\/www.facebook.com\/CPTSDPV\/","article_published_time":"2023-07-12T07:28:48+00:00","og_image":[{"width":911,"height":520,"url":"https:\/\/cptsdracenie.fr\/wp-content\/uploads\/2023\/07\/image-1.png","type":"image\/png"}],"author":"admin3616","twitter_card":"summary_large_image","twitter_misc":{"\u00c9crit par":"admin3616","Dur\u00e9e de lecture estim\u00e9e":"1 minute"},"schema":{"@context":"https:\/\/schema.org","@graph":[{"@type":"Article","@id":"https:\/\/cptsdracenie.fr\/index.php\/2023\/07\/12\/projet-regional-de-sante-2023-2028\/#article","isPartOf":{"@id":"https:\/\/cptsdracenie.fr\/index.php\/2023\/07\/12\/projet-regional-de-sante-2023-2028\/"},"author":{"name":"admin3616","@id":"https:\/\/cptsdracenie.fr\/#\/schema\/person\/5e8dad6c13b12c27c2c19a8e30ad1033"},"headline":"Projet R\u00e9gional de Sant\u00e9 2023-2028","datePublished":"2023-07-12T07:28:48+00:00","mainEntityOfPage":{"@id":"https:\/\/cptsdracenie.fr\/index.php\/2023\/07\/12\/projet-regional-de-sante-2023-2028\/"},"wordCount":70,"publisher":{"@id":"https:\/\/cptsdracenie.fr\/#organization"},"image":{"@id":"https:\/\/cptsdracenie.fr\/index.php\/2023\/07\/12\/projet-regional-de-sante-2023-2028\/#primaryimage"},"thumbnailUrl":"https:\/\/cptsdracenie.fr\/wp-content\/uploads\/2023\/07\/image-1.png","articleSection":["Association","Informations g\u00e9n\u00e9rale"],"inLanguage":"fr-FR"},{"@type":"WebPage","@id":"https:\/\/cptsdracenie.fr\/index.php\/2023\/07\/12\/projet-regional-de-sante-2023-2028\/","url":"https:\/\/cptsdracenie.fr\/index.php\/2023\/07\/12\/projet-regional-de-sante-2023-2028\/","name":"Projet R\u00e9gional de Sant\u00e9 2023-2028 &#8211; Communaut\u00e9 Professionnelle Territoriale de Sant\u00e9 Drac\u00e9nie Provence Verdon","isPartOf":{"@id":"https:\/\/cptsdracenie.fr\/#website"},"primaryImageOfPage":{"@id":"https:\/\/cptsdracenie.fr\/index.php\/2023\/07\/12\/projet-regional-de-sante-2023-2028\/#primaryimage"},"image":{"@id":"https:\/\/cptsdracenie.fr\/index.php\/2023\/07\/12\/projet-regional-de-sante-2023-2028\/#primaryimage"},"thumbnailUrl":"https:\/\/cptsdracenie.fr\/wp-content\/uploads\/2023\/07\/image-1.png","datePublished":"2023-07-12T07:28:48+00:00","description":"L'ARS PACA lance, apr\u00e8s plus d'une ann\u00e9e de travail collaboratif, la consultation officielle du Projet R\u00e9gional de sant\u00e9.","breadcrumb":{"@id":"https:\/\/cptsdracenie.fr\/index.php\/2023\/07\/12\/projet-regional-de-sante-2023-2028\/#breadcrumb"},"inLanguage":"fr-FR","potentialAction":[{"@type":"ReadAction","target":["https:\/\/cptsdracenie.fr\/index.php\/2023\/07\/12\/projet-regional-de-sante-2023-2028\/"]}]},{"@type":"ImageObject","inLanguage":"fr-FR","@id":"https:\/\/cptsdracenie.fr\/index.php\/2023\/07\/12\/projet-regional-de-sante-2023-2028\/#primaryimage","url":"https:\/\/cptsdracenie.fr\/wp-content\/uploads\/2023\/07\/image-1.png","contentUrl":"https:\/\/cptsdracenie.fr\/wp-content\/uploads\/2023\/07\/image-1.png","width":911,"height":520},{"@type":"BreadcrumbList","@id":"https:\/\/cptsdracenie.fr\/index.php\/2023\/07\/12\/projet-regional-de-sante-2023-2028\/#breadcrumb","itemListElement":[{"@type":"ListItem","position":1,"name":"Accueil","item":"https:\/\/cptsdracenie.fr\/"},{"@type":"ListItem","position":2,"name":"Projet R\u00e9gional de Sant\u00e9 2023-2028"}]},{"@type":"WebSite","@id":"https:\/\/cptsdracenie.fr\/#website","url":"https:\/\/cptsdracenie.fr\/","name":"CPTS DPV","description":" CPTS Drac\u00e9nie Provence Verdon","publisher":{"@id":"https:\/\/cptsdracenie.fr\/#organization"},"potentialAction":[{"@type":"SearchAction","target":{"@type":"EntryPoint","urlTemplate":"https:\/\/cptsdracenie.fr\/?s={search_term_string}"},"query-input":{"@type":"PropertyValueSpecification","valueRequired":true,"valueName":"search_term_string"}}],"inLanguage":"fr-FR"},{"@type":"Organization","@id":"https:\/\/cptsdracenie.fr\/#organization","name":"CPTS Drac\u00e9nie-Provence-Verdon","url":"https:\/\/cptsdracenie.fr\/","logo":{"@type":"ImageObject","inLanguage":"fr-FR","@id":"https:\/\/cptsdracenie.fr\/#\/schema\/logo\/image\/","url":"https:\/\/cptsdracenie.fr\/wp-content\/uploads\/2020\/01\/CPTS-version-2-blanc.png","contentUrl":"https:\/\/cptsdracenie.fr\/wp-content\/uploads\/2020\/01\/CPTS-version-2-blanc.png","width":200,"height":200,"caption":"CPTS Drac\u00e9nie-Provence-Verdon"},"image":{"@id":"https:\/\/cptsdracenie.fr\/#\/schema\/logo\/image\/"},"sameAs":["https:\/\/www.facebook.com\/CPTSDPV\/","https:\/\/www.linkedin.com\/company\/cpts-drac\u00e9nie-provence-verdon\/"]},{"@type":"Person","@id":"https:\/\/cptsdracenie.fr\/#\/schema\/person\/5e8dad6c13b12c27c2c19a8e30ad1033","name":"admin3616","image":{"@type":"ImageObject","inLanguage":"fr-FR","@id":"https:\/\/secure.gravatar.com\/avatar\/f8b04cb7d4761647a9b275540c35d016b876dd8b19911751d862cb3a24a19aaf?s=96&d=mm&r=g","url":"https:\/\/secure.gravatar.com\/avatar\/f8b04cb7d4761647a9b275540c35d016b876dd8b19911751d862cb3a24a19aaf?s=96&d=mm&r=g","contentUrl":"https:\/\/secure.gravatar.com\/avatar\/f8b04cb7d4761647a9b275540c35d016b876dd8b19911751d862cb3a24a19aaf?s=96&d=mm&r=g","caption":"admin3616"},"url":"https:\/\/cptsdracenie.fr\/index.php\/author\/admin3616\/"}]}},"_links":{"self":[{"href":"https:\/\/cptsdracenie.fr\/index.php\/wp-json\/wp\/v2\/posts\/9570","targetHints":{"allow":["GET"]}}],"collection":[{"href":"https:\/\/cptsdracenie.fr\/index.php\/wp-json\/wp\/v2\/posts"}],"about":[{"href":"https:\/\/cptsdracenie.fr\/index.php\/wp-json\/wp\/v2\/types\/post"}],"author":[{"embeddable":true,"href":"https:\/\/cptsdracenie.fr\/index.php\/wp-json\/wp\/v2\/users\/1"}],"replies":[{"embeddable":true,"href":"https:\/\/cptsdracenie.fr\/index.php\/wp-json\/wp\/v2\/comments?post=9570"}],"version-history":[{"count":1,"href":"https:\/\/cptsdracenie.fr\/index.php\/wp-json\/wp\/v2\/posts\/9570\/revisions"}],"predecessor-version":[{"id":9575,"href":"https:\/\/cptsdracenie.fr\/index.php\/wp-json\/wp\/v2\/posts\/9570\/revisions\/9575"}],"wp:featuredmedia":[{"embeddable":true,"href":"https:\/\/cptsdracenie.fr\/index.php\/wp-json\/wp\/v2\/media\/9571"}],"wp:attachment":[{"href":"https:\/\/cptsdracenie.fr\/index.php\/wp-json\/wp\/v2\/media?parent=9570"}],"wp:term":[{"taxonomy":"category","embeddable":true,"href":"https:\/\/cptsdracenie.fr\/index.php\/wp-json\/wp\/v2\/categories?post=9570"},{"taxonomy":"post_tag","embeddable":true,"href":"https:\/\/cptsdracenie.fr\/index.php\/wp-json\/wp\/v2\/tags?post=9570"}],"curies":[{"name":"wp","href":"https:\/\/api.w.org\/{rel}","templated":true}]}}